{"id":10753,"date":"2021-12-28T21:24:27","date_gmt":"2021-12-29T00:24:27","guid":{"rendered":"https:\/\/clicdenoticias.com\/?p=10753"},"modified":"2021-12-28T21:24:28","modified_gmt":"2021-12-29T00:24:28","slug":"massa-la-argentina-es-producto-del-abrazo-entre-el-campo-y-la-industria","status":"publish","type":"post","link":"https:\/\/clicdenoticias.com\/index.php\/2021\/12\/28\/massa-la-argentina-es-producto-del-abrazo-entre-el-campo-y-la-industria\/","title":{"rendered":"MASSA: \u00abLA ARGENTINA ES PRODUCTO DEL ABRAZO ENTRE EL CAMPO Y LA INDUSTRIA\u00bb"},"content":{"rendered":"\n<p>El presidente de la C\u00e1mara de Diputados, Sergio Massa, particip\u00f3 de la inauguraci\u00f3n de la seccional N\u00b0 185 de la UATRE, que funcionar\u00e1 en la localidad bonaerense de Col\u00f3n. \u201cSi abrazamos al Interior y a la ciudad, al Estado y al campo, para pelear el precio de nuestro trabajo en el mundo, la Argentina va a ser m\u00e1s fuerte\u201d, asegur\u00f3.<\/p>\n\n\n\n<p>En la ciudad de Col\u00f3n y junto a m\u00e1s de 500 trabajadores rurales, Sergio Massa, el ministro de Agricultura y Ganader\u00eda, Juli\u00e1n Dom\u00ednguez, el presidente de Honorable Consejo Deliberante de Col\u00f3n (HCD), Pablo Pino, el Secretario General de la UATRE, Jos\u00e9 Voytenco, y el referente gremial Pablo Ansaloni encabezaron la presentaci\u00f3n de la seccional N\u00b0 195 de UATRE y la Oficina de Expendio de OSPRERA.<\/p>\n\n\n\n<p>En ese marco, el titular de la C\u00e1mara baja se refiri\u00f3 a la importancia del campo para el crecimiento de la Argentina. \u201cPongamos en la agenda de la pol\u00edtica p\u00fablica la realidad de nuestro capo, de nuestros trabajadores rurales, de nuestros productores. La Argentina es producto del esfuerzo y del abrazo entre el campo y la industria y nuestro campo es producto del esfuerzo y el abrazo de nuestros productores y trabajadores\u201d, expres\u00f3.<\/p>\n\n\n\n<p>Y agreg\u00f3: \u201cEl mundo va a seguir creciendo en poblaci\u00f3n, tecnolog\u00eda e innovaci\u00f3n y eso va a seguir demandando prote\u00edna, mayor desarrollo de nuestro campo y mayor capacitaci\u00f3n de nuestros trabajadores rurales\u201d.<\/p>\n\n\n\n<p>Adem\u00e1s, Massa llam\u00f3 a \u201cresolver el arraigo\u201d porque, afirm\u00f3, \u201ces injusto pedirle a nuestro Interior que genere los d\u00f3lares que la Argentina necesita para crecer y no darle en rutas y en conectividad de internet\u201d. \u201cTenemos la obligaci\u00f3n de llegar con mejores caminos, transporte, educaci\u00f3n y conectividad para que la Argentina sea un pa\u00eds federal\u201d, asegur\u00f3.<\/p>\n\n\n\n<p>\u201cEn este a\u00f1o que arranca, queremos caminar de la mano con nuestro interior y nuestro campo, con nuestros productores y nuestros trabajadores. Queremos ser en conjunto protagonistas del crecimiento y el desarrollo de la Argentina\u201d, finaliz\u00f3.<\/p>\n\n\n\n<p>Del evento tambi\u00e9n participaron el secretario de Agricultura de la Naci\u00f3n, Jorge Solmi, el jefe de gabinete de la C\u00e1mara de Diputados de la Naci\u00f3n, Ra\u00fal P\u00e9rez, los diputados nacionales Carlos Selva, Lisandro Bormioli y Agustina Propato; el diputado nacional mandato cumplido, Jos\u00e9 Luis Ram\u00f3n, los diputados provinciales Fernanda Diaz , Carlos Puglielli, Lucia Klug y Naldo Brunelli; los senadores provinciales Vanesa Spadone, Facundo Ballesteros y Francisco Dura\u00f1ona, y la diputada provincial MC, Micaela Mor\u00e1n.<\/p>\n","protected":false},"excerpt":{"rendered":"<p>El presidente de la C\u00e1mara de Diputados, Sergio Massa, particip\u00f3 de la inauguraci\u00f3n de la seccional N\u00b0 185 de la UATRE, que funcionar\u00e1 en la localidad bonaerense de Col\u00f3n. \u201cSi abrazamos al Interior y a la ciudad, al Estado y al campo, para pelear el precio de nuestro trabajo en el mundo, la Argentina va [&hellip;]<\/p>\n","protected":false},"author":3,"featured_media":10754,"comment_status":"open","ping_status":"open","sticky":false,"template":"","format":"standard","meta":{"footnotes":""},"categories":[43],"tags":[],"class_list":["post-10753","post","type-post","status-publish","format-standard","has-post-thumbnail","hentry","category-politica"],"_links":{"self":[{"href":"https:\/\/clicdenoticias.com\/index.php\/wp-json\/wp\/v2\/posts\/10753","targetHints":{"allow":["GET"]}}],"collection":[{"href":"https:\/\/clicdenoticias.com\/index.php\/wp-json\/wp\/v2\/posts"}],"about":[{"href":"https:\/\/clicdenoticias.com\/index.php\/wp-json\/wp\/v2\/types\/post"}],"author":[{"embeddable":true,"href":"https:\/\/clicdenoticias.com\/index.php\/wp-json\/wp\/v2\/users\/3"}],"replies":[{"embeddable":true,"href":"https:\/\/clicdenoticias.com\/index.php\/wp-json\/wp\/v2\/comments?post=10753"}],"version-history":[{"count":1,"href":"https:\/\/clicdenoticias.com\/index.php\/wp-json\/wp\/v2\/posts\/10753\/revisions"}],"predecessor-version":[{"id":10755,"href":"https:\/\/clicdenoticias.com\/index.php\/wp-json\/wp\/v2\/posts\/10753\/revisions\/10755"}],"wp:featuredmedia":[{"embeddable":true,"href":"https:\/\/clicdenoticias.com\/index.php\/wp-json\/wp\/v2\/media\/10754"}],"wp:attachment":[{"href":"https:\/\/clicdenoticias.com\/index.php\/wp-json\/wp\/v2\/media?parent=10753"}],"wp:term":[{"taxonomy":"category","embeddable":true,"href":"https:\/\/clicdenoticias.com\/index.php\/wp-json\/wp\/v2\/categories?post=10753"},{"taxonomy":"post_tag","embeddable":true,"href":"https:\/\/clicdenoticias.com\/index.php\/wp-json\/wp\/v2\/tags?post=10753"}],"curies":[{"name":"wp","href":"https:\/\/api.w.org\/{rel}","templated":true}]}}