{"id":11886,"date":"2022-01-26T09:14:29","date_gmt":"2022-01-26T12:14:29","guid":{"rendered":"https:\/\/clicdenoticias.com\/?p=11886"},"modified":"2022-01-26T09:14:34","modified_gmt":"2022-01-26T12:14:34","slug":"los-argentinos-y-residentes-con-esquema-de-vacunacion-completo-no-deberan-presentar-pcr-negativo-para-ingresar-al-pais","status":"publish","type":"post","link":"https:\/\/clicdenoticias.com\/index.php\/2022\/01\/26\/los-argentinos-y-residentes-con-esquema-de-vacunacion-completo-no-deberan-presentar-pcr-negativo-para-ingresar-al-pais\/","title":{"rendered":"LOS ARGENTINOS Y RESIDENTES CON ESQUEMA DE VACUNACI\u00d3N COMPLETO NO DEBER\u00c1N PRESENTAR PCR NEGATIVO PARA INGRESAR AL PA\u00cdS"},"content":{"rendered":"\n<p><strong>Los argentinos y residentes que cuenten con el esquema completo de&nbsp;vacunaci\u00f3n&nbsp;contra el&nbsp;Covid- 19&nbsp;no deber\u00e1n presentar un PCR negativo al momento de ingresar al pa\u00eds.<\/strong><\/p>\n\n\n\n<p>&nbsp; &nbsp;La medida entrar\u00e1 en vigencia el 29 de enero y fue oficializada mediante la Decisi\u00f3n Administrativa 63\/2022, publicada este mi\u00e9rcoles en el Bolet\u00edn Oficial.<\/p>\n\n\n\n<p>&nbsp;&nbsp; La nueva disposici\u00f3n abarcar\u00e1 a los&nbsp;viajeros&nbsp;que provengan de pa\u00edses lim\u00edtrofes y quieran ingresar a territorio nacional. La norma cuenta adem\u00e1s con medidas para los&nbsp;casos positivos&nbsp;y&nbsp;contactos estrechos asintom\u00e1ticos y viajeros de&nbsp;cruceros.<\/p>\n\n\n\n<p>&nbsp;&nbsp; M\u00e1s all\u00e1 de la&nbsp;eliminaci\u00f3n&nbsp;de presentar un&nbsp;PCR negativo, la normativa establece que tanto argentinos como residentes que cuenten con el&nbsp;esquema completo, con una distancia m\u00ednima de 14 d\u00edas desde la \u00faltima dosis,&nbsp;deber\u00e1n certificar la vacunaci\u00f3n.<\/p>\n\n\n\n<p>&nbsp;&nbsp; Adem\u00e1s, de acuerdo con la resoluci\u00f3n, deber\u00e1n&nbsp;completar una declaraci\u00f3n jurada ante la Direcci\u00f3n Nacional de Migraciones&nbsp;durante las 48 horas previas al embarco hacia la Argentina.&nbsp;Para este grupo se&nbsp;elimin\u00f3&nbsp;el per\u00edodo de&nbsp;cuarentena&nbsp;al llegar a suelo nacional.<\/p>\n\n\n\n<p>&nbsp;&nbsp; \u00abLa elevada transmisibilidad hace que el n\u00famero actual de casos sobrepase el mayor n\u00famero de casos alcanzado desde el inicio de la pandemia, sin correlaci\u00f3n a la fecha con hospitalizaciones en Unidades de Terapia Intensiva o fallecidos\u00bb, sostiene el documento publicado en el Bolet\u00edn Oficial.<\/p>\n\n\n\n<p>&nbsp;&nbsp; Por otro lado, aquellos con el&nbsp;esquema de vacunaci\u00f3n incompleto o los que no est\u00e9n vacunados&nbsp;y sean mayores de seis a\u00f1os, se mantendr\u00e1n los mismos requisitos, es decir, la presentaci\u00f3n de un&nbsp;PCR negativo&nbsp;(hasta 72 horas previo al embarco) o un&nbsp;test de ant\u00edgenos negativo&nbsp;(48 horas antes) efectuado en el pa\u00eds de origen.<\/p>\n\n\n\n<p>&nbsp;&nbsp; Tambi\u00e9n deber\u00e1n completar la declaraci\u00f3n jurada, al menos 48 horas antes del inicio del viaje, y realizar una&nbsp;cuarentena de siete d\u00edas&nbsp;\u00abcontados a partir del d\u00eda siguiente a la toma de la prueba PCR o ant\u00edgeno\u00bb.<\/p>\n\n\n\n<p>&nbsp;&nbsp; Adem\u00e1s, se permitir\u00e1 el ingreso en veh\u00edculos particulares de argentinos y residentes vacunados con esquema completo y sean casos positivos que ya hayan completado siete d\u00edas de aislamiento; el ingreso en veh\u00edculo de transporte de pasajeros se autoriza a partir de cumplir los diez d\u00edas de aislamiento para casos positivos.&nbsp;.<\/p>\n\n\n\n<p>&nbsp;&nbsp; \u00abPodr\u00e1n ingresar en veh\u00edculos particulares terrestres de argentinos y residentes que sean contactos estrechos vacunados asintom\u00e1ticos, mientras que los contactos estrechos asintom\u00e1ticos no vacunados que ingresen por ese medio deber\u00e1n completar su aislamiento en el pa\u00eds\u00bb,&nbsp;precis\u00f3 el Gobierno a trav\u00e9s de esta nueva medida.<\/p>\n","protected":false},"excerpt":{"rendered":"<p>Los argentinos y residentes que cuenten con el esquema completo de&nbsp;vacunaci\u00f3n&nbsp;contra el&nbsp;Covid- 19&nbsp;no deber\u00e1n presentar un PCR negativo al momento de ingresar al pa\u00eds. &nbsp; &nbsp;La medida entrar\u00e1 en vigencia el 29 de enero y fue oficializada mediante la Decisi\u00f3n Administrativa 63\/2022, publicada este mi\u00e9rcoles en el Bolet\u00edn Oficial. &nbsp;&nbsp; La nueva disposici\u00f3n abarcar\u00e1 a [&hellip;]<\/p>\n","protected":false},"author":2,"featured_media":11887,"comment_status":"open","ping_status":"open","sticky":false,"template":"","format":"standard","meta":{"footnotes":""},"categories":[43],"tags":[48],"class_list":["post-11886","post","type-post","status-publish","format-standard","has-post-thumbnail","hentry","category-politica","tag-destacada"],"_links":{"self":[{"href":"https:\/\/clicdenoticias.com\/index.php\/wp-json\/wp\/v2\/posts\/11886","targetHints":{"allow":["GET"]}}],"collection":[{"href":"https:\/\/clicdenoticias.com\/index.php\/wp-json\/wp\/v2\/posts"}],"about":[{"href":"https:\/\/clicdenoticias.com\/index.php\/wp-json\/wp\/v2\/types\/post"}],"author":[{"embeddable":true,"href":"https:\/\/clicdenoticias.com\/index.php\/wp-json\/wp\/v2\/users\/2"}],"replies":[{"embeddable":true,"href":"https:\/\/clicdenoticias.com\/index.php\/wp-json\/wp\/v2\/comments?post=11886"}],"version-history":[{"count":1,"href":"https:\/\/clicdenoticias.com\/index.php\/wp-json\/wp\/v2\/posts\/11886\/revisions"}],"predecessor-version":[{"id":11888,"href":"https:\/\/clicdenoticias.com\/index.php\/wp-json\/wp\/v2\/posts\/11886\/revisions\/11888"}],"wp:featuredmedia":[{"embeddable":true,"href":"https:\/\/clicdenoticias.com\/index.php\/wp-json\/wp\/v2\/media\/11887"}],"wp:attachment":[{"href":"https:\/\/clicdenoticias.com\/index.php\/wp-json\/wp\/v2\/media?parent=11886"}],"wp:term":[{"taxonomy":"category","embeddable":true,"href":"https:\/\/clicdenoticias.com\/index.php\/wp-json\/wp\/v2\/categories?post=11886"},{"taxonomy":"post_tag","embeddable":true,"href":"https:\/\/clicdenoticias.com\/index.php\/wp-json\/wp\/v2\/tags?post=11886"}],"curies":[{"name":"wp","href":"https:\/\/api.w.org\/{rel}","templated":true}]}}