{"id":13271,"date":"2022-03-09T09:10:51","date_gmt":"2022-03-09T12:10:51","guid":{"rendered":"https:\/\/clicdenoticias.com\/?p=13271"},"modified":"2022-03-09T09:10:52","modified_gmt":"2022-03-09T12:10:52","slug":"en-diputados-gobernadores-dieron-su-respaldo-al-acuerdo-con-el-fmi","status":"publish","type":"post","link":"https:\/\/clicdenoticias.com\/index.php\/2022\/03\/09\/en-diputados-gobernadores-dieron-su-respaldo-al-acuerdo-con-el-fmi\/","title":{"rendered":"EN DIPUTADOS, GOBERNADORES DIERON SU RESPALDO AL ACUERDO CON EL FMI"},"content":{"rendered":"\n<p><strong>Una docena de gobernadores y dos vicegobernadores se expresaron en la C\u00e1mara de Diputados en torno al acuerdo del Gobierno con el Fondo Monetario Internacional (FMI) y le pidieron a los legisladores que acompa\u00f1en la iniciativa para evitar el default.<\/strong><\/p>\n\n\n\n<p>&nbsp; &nbsp;Luego de que el jefe de Gabinete, Juan Manzur, hiciera una presentaci\u00f3n de los mandatarios provinciales invitados al plenario de las comisiones de Presupuesto y Finanzas, tom\u00f3 la palabra el gobernador de Entre R\u00edos, Gustavo Bordet, quien consider\u00f3 que a pesar de que no fue la administraci\u00f3n del Frente de Todos la que decidi\u00f3 contraer la deuda en 2018, el Gobierno actual tiene el deber de \u00abencontrar una soluci\u00f3n\u00bb.<\/p>\n\n\n\n<p>&nbsp;&nbsp; \u00abSomos gobierno y tenemos que encontrar una soluci\u00f3n que amerite tener la posibilidad de previsibilidad para que nuestro pa\u00eds pueda tener un futuro de desarrollo y un horizonte que permita honrar los compromisos que otras gestiones asumieron\u00bb, indic\u00f3.<\/p>\n\n\n\n<p>&nbsp;&nbsp; Para el mandatario entrerriano, \u00abes el mejor entendimiento al que se pudo arribar\u00bb, y lo diferenci\u00f3 de otros acuerdos con el FMI que exig\u00edan reformas laborales y previsionales.<\/p>\n\n\n\n<p>&nbsp;&nbsp; Sobre la reducci\u00f3n del d\u00e9ficit fiscal que plantea el proyecto, evalu\u00f3 que \u00abson metas cumplibles\u00bb, y arriesg\u00f3 que no aprobar el acuerdo y caer en el default \u00abser\u00eda sacar a la Argentina del mundo\u00bb.<\/p>\n\n\n\n<p>&nbsp;&nbsp; Por su parte,&nbsp;el gobernador de Santa Fe, Omar Perotti, critic\u00f3 el endeudamiento contra\u00eddo por el Gobierno Mauricio Macri pero pidi\u00f3 que se apruebe el nuevo programa de facilidades extendidas porque \u00abhay que pagar\u00bb la deuda con el FMI.<\/p>\n\n\n\n<p>&nbsp;&nbsp; \u00abTenemos que resolver un cr\u00e9dito que no pedimos, que no usamos y que hay que pagar. Esta situaci\u00f3n amerita el mayor nivel de an\u00e1lisis como responsabilidad de pa\u00eds para el cumplimiento de los compromisos y lo que significar\u00eda el default\u00bb, opin\u00f3.<\/p>\n\n\n\n<p>&nbsp;&nbsp; En tanto, el gobernador de Salta, Gustavo S\u00e1enz, se\u00f1al\u00f3 que \u00ablo que tenemos que buscar es darle a aquellos que nos prestan plata la tranquilidad y la confianza de que nuestro pa\u00eds es previsible y que brinda seguridad jur\u00eddica\u00bb.<\/p>\n\n\n\n<p>&nbsp;&nbsp; Aprovech\u00f3 adem\u00e1s para destacar la \u00abactitud noble\u00bb de su par juje\u00f1o, Gerardo Morales, de quien dijo que \u00abantepone intereses mezquinos, partidarios a intereses superiores que son los intereses de la Naci\u00f3n y de la Rep\u00fablica\u00bb.<\/p>\n\n\n\n<p>&nbsp;&nbsp; \u00abHoy es tiempo de debatir este proyecto de ley y venimos a decirles no al default. La falta de acuerdo implica el s\u00ed al default, que implica m\u00e1s pobreza, m\u00e1s inflaci\u00f3n, m\u00e1s postergaciones\u00bb, afirm\u00f3 el gobernador neuquino, Omar Guti\u00e9rrez.<\/p>\n\n\n\n<p>&nbsp;&nbsp; En este sentido, pidi\u00f3 a \u00ablos actores de los dos principales proyectos tener la madurez, la seriedad y la responsabilidad en construir consensos y acuerdos para que aqu\u00ed no haya ganadores y perdedores\u00bb.<\/p>\n\n\n\n<p>&nbsp;&nbsp; \u00abEsta es una herramienta de gobernabilidad que pide el Gobierno nacional, pero que afecta y fortalece o debilita si no sale a los gobiernos provinciales\u00bb, advirti\u00f3.<\/p>\n\n\n\n<p>&nbsp;&nbsp; Morales, \u00fanico mandatario provincial de Juntos por el Cambio presente en el debate, se expres\u00f3 en l\u00ednea con los gobernadores peronistas al hacer hincapi\u00e9 en la necesidad de evitar el default a toda costa.&nbsp;.<\/p>\n\n\n\n<p>&nbsp;&nbsp; \u00abLos escuchaba a los peronistas hablar de esta deuda contra\u00edda con el FMI\u2026 Es cierto, la tomamos nosotros y me hago cargo, tuvo que ver con una decisi\u00f3n de nuestro gobierno. Algunos halcones me pegan por esto, pero es la realidad\u00bb, reconoci\u00f3, aunque luego record\u00f3 que el actual Gobierno del Frente de Todos gener\u00f3 65 mil millones de d\u00f3lares de deuda.<\/p>\n\n\n\n<p>&nbsp;&nbsp; \u00abSobre el tema de la deuda tenemos responsabilidad el peronismo, el radicalismo, el Frente de Todos, Juntos por el Cambio, el Pro. Todas las fuerzas pol\u00edticas\u00bb, enfatiz\u00f3.<\/p>\n\n\n\n<p>&nbsp;&nbsp; \u00abDe ac\u00e1 tenemos que salir con la ley impidiendo el default, porque el default va a complicar la econom\u00eda\u00bb, alert\u00f3 Morales, que fue aplaudido por los diputados de casi todas las bancadas reunidos en el anexo C de la C\u00e1mara baja.<\/p>\n\n\n\n<p>&nbsp;&nbsp; Antes de la exposici\u00f3n ante los diputados en el plenario de comisiones, los gobernadores y vices hab\u00edan sido recibidos en el Sal\u00f3n de Honor por el presidente de la C\u00e1mara baja, Sergio Massa, en una reuni\u00f3n en la que tambi\u00e9n particip\u00f3 Manzur.<\/p>\n\n\n\n<p>&nbsp;&nbsp; Estuvieron el gobernador de La Rioja, Ricardo Quintela; el de Catamarca, Ra\u00fal Jalil; el de Tucum\u00e1n, Osvaldo Jaldo; el de Salta, Gustavo S\u00e1enz; el de La Pampa, Sergio Ziliotto; el de Santa Fe, Omar Perotti; el de San Juan, Sergio U\u00f1ac; el de Entre R\u00edos, Gustavo Bordet; el de Misiones, Oscar Herrera Ahuad; el de Chubut, Mariano Arcioni; el de Jujuy, Gerardo Morales, y el gobernador de Neuqu\u00e9n, Omar Guti\u00e9rrez.<\/p>\n\n\n\n<p>&nbsp;&nbsp; Tambi\u00e9n concurrieron el vicegobernador de Santiago del Estero, Carlos Silva Neder; y el vicegobernador de Santa Cruz, Eugenio Quiroga.<\/p>\n","protected":false},"excerpt":{"rendered":"<p>Una docena de gobernadores y dos vicegobernadores se expresaron en la C\u00e1mara de Diputados en torno al acuerdo del Gobierno con el Fondo Monetario Internacional (FMI) y le pidieron a los legisladores que acompa\u00f1en la iniciativa para evitar el default. &nbsp; &nbsp;Luego de que el jefe de Gabinete, Juan Manzur, hiciera una presentaci\u00f3n de los [&hellip;]<\/p>\n","protected":false},"author":2,"featured_media":13272,"comment_status":"open","ping_status":"open","sticky":false,"template":"","format":"standard","meta":{"footnotes":""},"categories":[51],"tags":[],"class_list":["post-13271","post","type-post","status-publish","format-standard","has-post-thumbnail","hentry","category-provincias"],"_links":{"self":[{"href":"https:\/\/clicdenoticias.com\/index.php\/wp-json\/wp\/v2\/posts\/13271","targetHints":{"allow":["GET"]}}],"collection":[{"href":"https:\/\/clicdenoticias.com\/index.php\/wp-json\/wp\/v2\/posts"}],"about":[{"href":"https:\/\/clicdenoticias.com\/index.php\/wp-json\/wp\/v2\/types\/post"}],"author":[{"embeddable":true,"href":"https:\/\/clicdenoticias.com\/index.php\/wp-json\/wp\/v2\/users\/2"}],"replies":[{"embeddable":true,"href":"https:\/\/clicdenoticias.com\/index.php\/wp-json\/wp\/v2\/comments?post=13271"}],"version-history":[{"count":1,"href":"https:\/\/clicdenoticias.com\/index.php\/wp-json\/wp\/v2\/posts\/13271\/revisions"}],"predecessor-version":[{"id":13273,"href":"https:\/\/clicdenoticias.com\/index.php\/wp-json\/wp\/v2\/posts\/13271\/revisions\/13273"}],"wp:featuredmedia":[{"embeddable":true,"href":"https:\/\/clicdenoticias.com\/index.php\/wp-json\/wp\/v2\/media\/13272"}],"wp:attachment":[{"href":"https:\/\/clicdenoticias.com\/index.php\/wp-json\/wp\/v2\/media?parent=13271"}],"wp:term":[{"taxonomy":"category","embeddable":true,"href":"https:\/\/clicdenoticias.com\/index.php\/wp-json\/wp\/v2\/categories?post=13271"},{"taxonomy":"post_tag","embeddable":true,"href":"https:\/\/clicdenoticias.com\/index.php\/wp-json\/wp\/v2\/tags?post=13271"}],"curies":[{"name":"wp","href":"https:\/\/api.w.org\/{rel}","templated":true}]}}