{"id":13397,"date":"2022-03-12T15:22:58","date_gmt":"2022-03-12T18:22:58","guid":{"rendered":"https:\/\/clicdenoticias.com\/?p=13397"},"modified":"2022-03-12T15:23:00","modified_gmt":"2022-03-12T18:23:00","slug":"gabriel-caamano-la-argentina-tiene-una-relacion-muy-complicada-con-el-fmi-consigo-misma-y-con-el-resto-del-mundo","status":"publish","type":"post","link":"https:\/\/clicdenoticias.com\/index.php\/2022\/03\/12\/gabriel-caamano-la-argentina-tiene-una-relacion-muy-complicada-con-el-fmi-consigo-misma-y-con-el-resto-del-mundo\/","title":{"rendered":"GABRIEL CAAMA\u00d1O: \u00abLA ARGENTINA TIENE UNA RELACI\u00d3N MUY COMPLICADA CON EL FMI, CONSIGO MISMA Y CON EL RESTO DEL MUNDO\u00bb"},"content":{"rendered":"\n<p><strong>El director de la consultora Ledesma, Gabriel Caama\u00f1o, asegur\u00f3 hoy que la Argentina \u00abtiene una relaci\u00f3n muy complicada con el Fondo Monetario Internacional (FMI), consigo misma y con el resto del mundo\u00bb.<\/strong><\/p>\n\n\n\n<p>&nbsp; &nbsp;En ese sentido, inform\u00f3 que se est\u00e1n dando los pasos para firmarlo y que se trata de un acuerdo que \u00abevita entrar en atrasos con el Fondo y que no va a solucionar nada los problemas de la econom\u00eda\u00bb del pa\u00eds. Aunque, \u00ablo que s\u00ed intenta es evitar otra crisis y contener los desequilibrios, pero no es un acuerdo que vaya a cambiar -en principio- la din\u00e1mica de la econom\u00eda argentina ni las expectativas respecto de eso\u00bb.<\/p>\n\n\n\n<p>&nbsp;&nbsp; \u00abObviamente hay una mejora, porque en enero nos est\u00e1bamos asomando al abismo, coqueteando con \u00e9l, y ahora hay algo de racionalidad. Lo que resta saber es cu\u00e1nto y cu\u00e1nto tiempo dura, pero es un acuerdo para eso: tanto para el Fondo como para la Argentina para salir para adelante\u00bb, a\u00f1adi\u00f3 en di\u00e1logo con Aire de Campo, el programa que conduce Joaqu\u00edn Pinasco en Radio Rivadavia.<\/p>\n\n\n\n<p>&nbsp;&nbsp; En cuanto al actual plan que no forma parte de lo que se hab\u00eda votado en el Congreso, Caama\u00f1o opin\u00f3 que no cree que al Fondo \u00able cambie mucho esta parte\u00bb, aunque cree que es una \u00abderrota pol\u00edtica para el ministro\u00bb de Econom\u00eda, Mart\u00edn Guzm\u00e1n.<\/p>\n\n\n\n<p>&nbsp; &nbsp;\u00abSobre todo porque lo que acord\u00f3 el Fondo es un acuerdo tan para salir del paso que creo que la mayor parte del sapo ya se la tragaron. El Fondo ya firm\u00f3, ya le dio a Argentina un acuerdo porque demostrando que necesita que el pa\u00eds no entre en atrasos, necesita no tener ese problema, y ya est\u00e1. Le dio algo que no soluciona nada\u00bb, comunic\u00f3.<\/p>\n\n\n\n<p>&nbsp;&nbsp; Respecto a la relaci\u00f3n entre Argentina y el FMI, expres\u00f3 que tienen una relaci\u00f3n \u00abmuy complicada\u00bb, pero que a su vez el pa\u00eds tiene \u00abuna relaci\u00f3n muy complicada consigo misma y con el resto del mundo\u00bb.<\/p>\n\n\n\n<p>&nbsp;&nbsp; \u00abEl Fondo al fin y al cabo est\u00e1 formado por los pa\u00edses que conforman el mundo y Argentina siempre pide ayuda e incumple. El mundo siempre viene a socorrer a la Argentina, porque las organizaciones financiadas internacionales son las que tienen a los pa\u00edses que conforman el mundo. Por eso, el mundo siempre sale al rescate de Argentina y el pa\u00eds siempre en alg\u00fan momento le da la espalda o toma medidas que toman pa\u00edses que est\u00e1n en guerra\u00bb, agreg\u00f3.<\/p>\n\n\n\n<p>&nbsp;&nbsp; Por \u00faltimo, concluy\u00f3 con una previsi\u00f3n sobre la econom\u00eda argentina en los pr\u00f3ximos a\u00f1os y si realmente hay posibilidades de que cumpla con lo pactado, en medio de quiebres y grietas importantes dentro del propio Gobierno.<\/p>\n\n\n\n<p>&nbsp;&nbsp; \u00abCreo que el primer a\u00f1o, el 2022, es accesible en lo fiscal, en lo monetario. Uno de los gastos, el gasto COVID, va a ir desapareciendo; de hecho, se achic\u00f3 mucho sobre el fin del a\u00f1o pasado y al principio de \u00e9ste. Hay una parte del ajuste que no se hace solo, pero que se va a ir disminuyendo a medida que la econom\u00eda siga saliendo de la pandemia\u00bb, coment\u00f3 al respecto.<\/p>\n\n\n\n<p>&nbsp;&nbsp; Para el economista, en el 2022 se cumplir\u00e1, pero el problema recae en los a\u00f1os siguientes: \u00ab2023 es un a\u00f1o electoral y ah\u00ed va a estar la grieta de pol\u00edtica con el cristinismo, que no quiere ajustar nada en a\u00f1os electorales. Adem\u00e1s, porque hay que ajustar, bajar subsidios econ\u00f3micos en relaci\u00f3n al producto, y eso implica subir mucho las tarifas\u00bb.<\/p>\n\n\n\n<p>&nbsp;&nbsp; \u00abY el 2024 es m\u00e1s complicado porque ya es un ajuste real y ya es por un punto del producto, pero no sabemos con qu\u00e9 gobierno.<\/p>\n\n\n\n<p>&nbsp;&nbsp;Por eso, desde lo fiscal, 2022 no es tan complejo; 2023 ya empieza a tener otro color\u00bb, concluy\u00f3.<\/p>\n","protected":false},"excerpt":{"rendered":"<p>El director de la consultora Ledesma, Gabriel Caama\u00f1o, asegur\u00f3 hoy que la Argentina \u00abtiene una relaci\u00f3n muy complicada con el Fondo Monetario Internacional (FMI), consigo misma y con el resto del mundo\u00bb. &nbsp; &nbsp;En ese sentido, inform\u00f3 que se est\u00e1n dando los pasos para firmarlo y que se trata de un acuerdo que \u00abevita entrar [&hellip;]<\/p>\n","protected":false},"author":2,"featured_media":13398,"comment_status":"open","ping_status":"open","sticky":false,"template":"","format":"standard","meta":{"footnotes":""},"categories":[43],"tags":[],"class_list":["post-13397","post","type-post","status-publish","format-standard","has-post-thumbnail","hentry","category-politica"],"_links":{"self":[{"href":"https:\/\/clicdenoticias.com\/index.php\/wp-json\/wp\/v2\/posts\/13397","targetHints":{"allow":["GET"]}}],"collection":[{"href":"https:\/\/clicdenoticias.com\/index.php\/wp-json\/wp\/v2\/posts"}],"about":[{"href":"https:\/\/clicdenoticias.com\/index.php\/wp-json\/wp\/v2\/types\/post"}],"author":[{"embeddable":true,"href":"https:\/\/clicdenoticias.com\/index.php\/wp-json\/wp\/v2\/users\/2"}],"replies":[{"embeddable":true,"href":"https:\/\/clicdenoticias.com\/index.php\/wp-json\/wp\/v2\/comments?post=13397"}],"version-history":[{"count":1,"href":"https:\/\/clicdenoticias.com\/index.php\/wp-json\/wp\/v2\/posts\/13397\/revisions"}],"predecessor-version":[{"id":13399,"href":"https:\/\/clicdenoticias.com\/index.php\/wp-json\/wp\/v2\/posts\/13397\/revisions\/13399"}],"wp:featuredmedia":[{"embeddable":true,"href":"https:\/\/clicdenoticias.com\/index.php\/wp-json\/wp\/v2\/media\/13398"}],"wp:attachment":[{"href":"https:\/\/clicdenoticias.com\/index.php\/wp-json\/wp\/v2\/media?parent=13397"}],"wp:term":[{"taxonomy":"category","embeddable":true,"href":"https:\/\/clicdenoticias.com\/index.php\/wp-json\/wp\/v2\/categories?post=13397"},{"taxonomy":"post_tag","embeddable":true,"href":"https:\/\/clicdenoticias.com\/index.php\/wp-json\/wp\/v2\/tags?post=13397"}],"curies":[{"name":"wp","href":"https:\/\/api.w.org\/{rel}","templated":true}]}}