{"id":13677,"date":"2022-03-18T09:18:26","date_gmt":"2022-03-18T12:18:26","guid":{"rendered":"https:\/\/clicdenoticias.com\/?p=13677"},"modified":"2022-03-18T09:18:27","modified_gmt":"2022-03-18T12:18:27","slug":"hector-daer-no-creo-ni-deseo-que-haya-una-ruptura-del-frente-de-todos","status":"publish","type":"post","link":"https:\/\/clicdenoticias.com\/index.php\/2022\/03\/18\/hector-daer-no-creo-ni-deseo-que-haya-una-ruptura-del-frente-de-todos\/","title":{"rendered":"H\u00c9CTOR DAER: \u00abNO CREO NI DESEO QUE HAYA UNA RUPTURA DEL FRENTE DE TODOS\u00bb"},"content":{"rendered":"\n<p><strong>El secretario general de la CGT H\u00e9ctor Daer afirm\u00f3 que no cree ni desea que se produzca una \u00abruptura\u00bb en el Frente de Todos, luego de que consider\u00f3 que la relaci\u00f3n entre el presidente Alberto Fern\u00e1ndez y la vicepresidenta Cristina Kirchner atraviesa un momento de \u00abdificultad grand\u00edsima\u00bb.<\/strong><\/p>\n\n\n\n<p>&nbsp; &nbsp;\u00abNo creo ni deseo que haya una ruptura del Frente de Todos. Lo que s\u00ed creo es que no se puede plantear la acci\u00f3n pol\u00edtica desde dejar testimonios eludiendo responsabilidades que son propias del gobierno al cual pertenecen\u00bb, apunt\u00f3 Daer luego de que comenzaron los cruces en la coalici\u00f3n gobernante por el acuerdo con el Fondo Monetario Internacional (FMI).<\/p>\n\n\n\n<p>&nbsp;&nbsp; En declaraciones al programa \u00abQue la gente crea\u00bb, que conduce Diego Schurman por AM 990, el sindicalista subray\u00f3: \u00abHay que tener la responsabilidad y la sensatez necesaria para decir las cosas como son\u00bb.<\/p>\n\n\n\n<p>&nbsp;&nbsp; \u00abEs una dificultad grand\u00edsima que hay que superar lo antes posible. Estamos en un momento dif\u00edcil. El Gobierno es el gobierno del Frente de Todos, y el Frente de Todos son todos y todas. A veces plantear banderas desde principios, dejando de lado la responsabilidad de ser gobierno generan estas cosas. Hay que encontrar los caminos pol\u00edticos\u00bb, enfatiz\u00f3.<\/p>\n\n\n\n<p>&nbsp;&nbsp; En ese marco, Daer record\u00f3: \u00abCuando ayudamos a construir el Frente de Todos sab\u00edamos que hab\u00eda un endeudamiento irresponsable por parte del gobierno anterior, y que a partir de ah\u00ed hab\u00eda que encontrar salidas. La salida de pagar es imposible, hay que refinanciarlo, es una responsabilidad de Gobierno y hay que asumirlo\u00bb. .<\/p>\n\n\n\n<p>&nbsp;&nbsp; Respecto de la posibilidad de que el Congreso convierta en ley el proyecto del acuerdo con el Fondo, indic\u00f3: \u00abVamos a partir de que hoy exista la posibilidad de que el Senado termine de aprobar el proyecto de ley que avala la refinanciaci\u00f3n del pr\u00e9stamo del FMI, tenemos que encontrar un camino que habr\u00e1 que transitarlo\u00bb.<\/p>\n\n\n\n<p>&nbsp;&nbsp; En cuanto a la inflaci\u00f3n, que en el mes de febrero fue del 4,7%, puntualiz\u00f3: \u00abTenemos que encontrar un mecanismo que nos permita ir bajando la inflaci\u00f3n en forma constante y sistem\u00e1tica\u00bb.<\/p>\n\n\n\n<p>&nbsp;&nbsp; \u00abTenemos que encontrar caminos que intenten disminuir la inflaci\u00f3n en un momento incierto, producto de c\u00f3mo aumentan los comodities en el mundo y de c\u00f3mo impacta eso en los alimentos de los argentinos\u00bb, explic\u00f3.<\/p>\n\n\n\n<p>&nbsp;&nbsp; Adem\u00e1s, consider\u00f3 que \u00ablo que se intent\u00f3 el a\u00f1o pasado\u00bb para bajar la inflaci\u00f3n \u00abno tuvo buen efecto\u00bb, y complet\u00f3: \u00abHay que encontrar un camino. Lo primero que hay que hacer es encontrar una macroeconom\u00eda estable, no anclando valores nominales en valores de fantas\u00eda\u00bb.<\/p>\n\n\n\n<p>&nbsp;&nbsp; Por \u00faltimo, opin\u00f3: \u00abLas retenciones no hay que mirarlas desde el punto de vista recaudatorio porque es un error econ\u00f3mico pensarlo de esa manera, el aporte solidario fue necesario durante el proceso de la pandemia\u00bb.<\/p>\n","protected":false},"excerpt":{"rendered":"<p>El secretario general de la CGT H\u00e9ctor Daer afirm\u00f3 que no cree ni desea que se produzca una \u00abruptura\u00bb en el Frente de Todos, luego de que consider\u00f3 que la relaci\u00f3n entre el presidente Alberto Fern\u00e1ndez y la vicepresidenta Cristina Kirchner atraviesa un momento de \u00abdificultad grand\u00edsima\u00bb. &nbsp; &nbsp;\u00abNo creo ni deseo que haya una [&hellip;]<\/p>\n","protected":false},"author":2,"featured_media":3640,"comment_status":"open","ping_status":"open","sticky":false,"template":"","format":"standard","meta":{"footnotes":""},"categories":[46],"tags":[],"class_list":["post-13677","post","type-post","status-publish","format-standard","has-post-thumbnail","hentry","category-gremial"],"_links":{"self":[{"href":"https:\/\/clicdenoticias.com\/index.php\/wp-json\/wp\/v2\/posts\/13677","targetHints":{"allow":["GET"]}}],"collection":[{"href":"https:\/\/clicdenoticias.com\/index.php\/wp-json\/wp\/v2\/posts"}],"about":[{"href":"https:\/\/clicdenoticias.com\/index.php\/wp-json\/wp\/v2\/types\/post"}],"author":[{"embeddable":true,"href":"https:\/\/clicdenoticias.com\/index.php\/wp-json\/wp\/v2\/users\/2"}],"replies":[{"embeddable":true,"href":"https:\/\/clicdenoticias.com\/index.php\/wp-json\/wp\/v2\/comments?post=13677"}],"version-history":[{"count":1,"href":"https:\/\/clicdenoticias.com\/index.php\/wp-json\/wp\/v2\/posts\/13677\/revisions"}],"predecessor-version":[{"id":13678,"href":"https:\/\/clicdenoticias.com\/index.php\/wp-json\/wp\/v2\/posts\/13677\/revisions\/13678"}],"wp:featuredmedia":[{"embeddable":true,"href":"https:\/\/clicdenoticias.com\/index.php\/wp-json\/wp\/v2\/media\/3640"}],"wp:attachment":[{"href":"https:\/\/clicdenoticias.com\/index.php\/wp-json\/wp\/v2\/media?parent=13677"}],"wp:term":[{"taxonomy":"category","embeddable":true,"href":"https:\/\/clicdenoticias.com\/index.php\/wp-json\/wp\/v2\/categories?post=13677"},{"taxonomy":"post_tag","embeddable":true,"href":"https:\/\/clicdenoticias.com\/index.php\/wp-json\/wp\/v2\/tags?post=13677"}],"curies":[{"name":"wp","href":"https:\/\/api.w.org\/{rel}","templated":true}]}}