{"id":14039,"date":"2022-03-29T09:00:11","date_gmt":"2022-03-29T12:00:11","guid":{"rendered":"https:\/\/clicdenoticias.com\/?p=14039"},"modified":"2022-03-29T09:00:12","modified_gmt":"2022-03-29T12:00:12","slug":"fernandez-se-reunio-con-la-cgt-y-la-uia-para-buscar-un-acuerdo-para-frenar-la-inflacion","status":"publish","type":"post","link":"https:\/\/clicdenoticias.com\/index.php\/2022\/03\/29\/fernandez-se-reunio-con-la-cgt-y-la-uia-para-buscar-un-acuerdo-para-frenar-la-inflacion\/","title":{"rendered":"FERN\u00c1NDEZ SE REUNI\u00d3 CON LA CGT Y LA UIA PARA BUSCAR UN ACUERDO PARA FRENAR LA INFLACI\u00d3N"},"content":{"rendered":"\n<p><strong>El presidente Alberto Fern\u00e1ndez mantuvo ayer un encuentro reservado y fuera de agenda con referentes de la CGT y la Uni\u00f3n Industrial (UIA), con el objetivo de avanzar en acuerdos que intenten frenar la inflaci\u00f3n, el principal desaf\u00edo del Gobierno.<\/strong><\/p>\n\n\n\n<p>&nbsp; &nbsp;La reuni\u00f3n, que se extendi\u00f3 por tres horas en la sede del sindicado de Sanidad, se enmarca en el plan del Gobierno de bajar los precios y de alcanzar un entendimiento entre todos los sectores, que tendr\u00e1 ma\u00f1ana otro cap\u00edtulo con la presentaci\u00f3n de un plan productivo en el Centro Cultural Kirchner (CCK).<\/p>\n\n\n\n<p>&nbsp;&nbsp; Seg\u00fan fuentes oficiales, el encuentro surgi\u00f3 a partir de la reuni\u00f3n de la semana pasada del Consejo del Salario, cuando el Presidente \u00abpropuso la necesidad de generar un compromiso con el sector privado, el de los trabajadores y el estado, con el objetivo de bajar la inflaci\u00f3n sin detener el sendero de crecimiento econ\u00f3mico y la creaci\u00f3n de trabajo\u00bb.<\/p>\n\n\n\n<p>&nbsp;&nbsp; Si bien no se acord\u00f3 nada concreto, este primer acercamiento sent\u00f3 las bases para un pacto posterior.<\/p>\n\n\n\n<p>&nbsp;&nbsp; De hecho, todos se comprometieron en frenar la expectativa inflacionaria y el Gobierno qued\u00f3 en presentar propuestas en los pr\u00f3ximos d\u00edas.<\/p>\n\n\n\n<p>&nbsp;&nbsp; En ese marco, la UIA, que estuvo representada por su titular Daniel Funes de Rioja, entre otros, destac\u00f3 que \u00abel acuerdo con el FMI y el club de Par\u00eds, y el aumento de reservas, despeja incertidumbre y permite avanzar en una hoja de ruta para cumplir esos objetivos\u00bb. .<\/p>\n\n\n\n<p>&nbsp;&nbsp; \u00abTodos se comprometieron a trabajar sobre las expectativas que generan el espiral inflacionario. Se evaluaron los impactos de la guerra en Ucrania en la econom\u00eda y en los precios\u00bb, se\u00f1alaron fuentes asistentes a la reuni\u00f3n a NA.<\/p>\n\n\n\n<p>&nbsp;&nbsp; Junto al Presidente estuvieron el jefe de Gabinete, Juan Manzur; el canciller Santiago Cafiero; y los ministros de Trabajo, Claudio Moroni; de Econom\u00eda, Mart\u00edn Guzm\u00e1n; y de Desarrollo Productivo, Mat\u00edas Kulfas.<\/p>\n","protected":false},"excerpt":{"rendered":"<p>El presidente Alberto Fern\u00e1ndez mantuvo ayer un encuentro reservado y fuera de agenda con referentes de la CGT y la Uni\u00f3n Industrial (UIA), con el objetivo de avanzar en acuerdos que intenten frenar la inflaci\u00f3n, el principal desaf\u00edo del Gobierno. &nbsp; &nbsp;La reuni\u00f3n, que se extendi\u00f3 por tres horas en la sede del sindicado de [&hellip;]<\/p>\n","protected":false},"author":2,"featured_media":14040,"comment_status":"open","ping_status":"open","sticky":false,"template":"","format":"standard","meta":{"footnotes":""},"categories":[43],"tags":[48],"class_list":["post-14039","post","type-post","status-publish","format-standard","has-post-thumbnail","hentry","category-politica","tag-destacada"],"_links":{"self":[{"href":"https:\/\/clicdenoticias.com\/index.php\/wp-json\/wp\/v2\/posts\/14039","targetHints":{"allow":["GET"]}}],"collection":[{"href":"https:\/\/clicdenoticias.com\/index.php\/wp-json\/wp\/v2\/posts"}],"about":[{"href":"https:\/\/clicdenoticias.com\/index.php\/wp-json\/wp\/v2\/types\/post"}],"author":[{"embeddable":true,"href":"https:\/\/clicdenoticias.com\/index.php\/wp-json\/wp\/v2\/users\/2"}],"replies":[{"embeddable":true,"href":"https:\/\/clicdenoticias.com\/index.php\/wp-json\/wp\/v2\/comments?post=14039"}],"version-history":[{"count":1,"href":"https:\/\/clicdenoticias.com\/index.php\/wp-json\/wp\/v2\/posts\/14039\/revisions"}],"predecessor-version":[{"id":14041,"href":"https:\/\/clicdenoticias.com\/index.php\/wp-json\/wp\/v2\/posts\/14039\/revisions\/14041"}],"wp:featuredmedia":[{"embeddable":true,"href":"https:\/\/clicdenoticias.com\/index.php\/wp-json\/wp\/v2\/media\/14040"}],"wp:attachment":[{"href":"https:\/\/clicdenoticias.com\/index.php\/wp-json\/wp\/v2\/media?parent=14039"}],"wp:term":[{"taxonomy":"category","embeddable":true,"href":"https:\/\/clicdenoticias.com\/index.php\/wp-json\/wp\/v2\/categories?post=14039"},{"taxonomy":"post_tag","embeddable":true,"href":"https:\/\/clicdenoticias.com\/index.php\/wp-json\/wp\/v2\/tags?post=14039"}],"curies":[{"name":"wp","href":"https:\/\/api.w.org\/{rel}","templated":true}]}}