{"id":14688,"date":"2022-04-15T11:11:55","date_gmt":"2022-04-15T14:11:55","guid":{"rendered":"https:\/\/clicdenoticias.com\/?p=14688"},"modified":"2022-04-15T11:11:56","modified_gmt":"2022-04-15T14:11:56","slug":"para-el-abogado-de-salvio-no-hubo-violencia-de-genero-para-nada","status":"publish","type":"post","link":"https:\/\/clicdenoticias.com\/index.php\/2022\/04\/15\/para-el-abogado-de-salvio-no-hubo-violencia-de-genero-para-nada\/","title":{"rendered":"PARA EL ABOGADO DE SALVIO: \u00abNO HUBO VIOLENCIA DE G\u00c9NERO PARA NADA\u00bb"},"content":{"rendered":"\n<p><strong>El abogado Fernando Sicilia, uno de los defensores del jugador Eduardo \u00abToto\u00bb Salvio, asegur\u00f3 que \u00abno hubo violencia de g\u00e9nero\u00bb de parte del futbolista hacia Magal\u00ed Aravena, su ex pareja y madre de sus dos hijos, a la vez que relat\u00f3 c\u00f3mo fue la secuencia del incidente ocurrido en Puerto Madero.<\/strong><\/p>\n\n\n\n<p>&nbsp; &nbsp;\u00abSalvio no estaba violando ninguna norma de tr\u00e1nsito. Ella se para arriba del auto y empieza a patearle el auto. Cuando se baja, estaba la ventanilla baja y atr\u00e1s, estaba una prima de Sol y Magal\u00ed (Aravena) la confunde y la empieza a insultar. Ah\u00ed Salvio intenta irse y Magal\u00ed se aferra al auto para pegarle. No hubo violencia de genero para nada\u00bb, se\u00f1al\u00f3 en di\u00e1logo con Pablo Rossi para Radio Rivadavia.<\/p>\n\n\n\n<p>&nbsp;&nbsp; En la misma l\u00ednea, el abogado manifest\u00f3: \u00abComo es un tema de violencia de g\u00e9nero, la fiscal\u00eda lo ha imputado. Al tomarse el g\u00e9nero como una v\u00edctima especialmente vulnerable, la v\u00edctima debe actuar y debe aguardar a lo que diga la damnificada\u00bb.<br>&nbsp;<\/p>\n\n\n\n<p>&nbsp; \u00abAyer se quisieron contactar (con Aravena) y no tuvieron respuesta por parte de esta persona que solo sali\u00f3 en los medios, pero no es novedoso. Ten\u00edan una relaci\u00f3n s\u00faper cordial, estaban separado desde hace dos meses\u00bb, coment\u00f3 Sicilia.<\/p>\n\n\n\n<p>&nbsp;&nbsp; El enfrentamiento se gener\u00f3 despu\u00e9s de que Sol Rinaldi, quien ser\u00eda la nueva pareja de Salvio, public\u00f3 una historia de Instagram en la que se lo ve al futbolista cocinando en la casa que compart\u00eda con Aravena, lo cual habr\u00eda alterado a la mujer oriunda de Portugal que desde hace quince d\u00edas vive en un departamento en Olivos con los hijos del matrimonio.<\/p>\n\n\n\n<p>&nbsp;&nbsp; \u00abElla (Magal\u00ed Aravena) lo llam\u00f3 y le dijo \u00b4te voy a arruinar la carrera, te vas a ir a Nigeria. Saca a esa puta de mi departamento\u00b4, denigrando a la nueva pareja y para evitar el conflicto, Salvio decidi\u00f3 irse\u00bb, cont\u00f3 el abogado sobre los momentos previos a las im\u00e1genes viralizadas, a la vez que a\u00f1adi\u00f3: \u00abJam\u00e1s hubo antecedente de violencia de g\u00e9nero, hasta el mediod\u00eda, la ex mujer le deseaba lo mejor\u00bb.<\/p>\n\n\n\n<p>&nbsp;&nbsp; Tras haber sido citado por la fiscal\u00eda y haber prestado declaraci\u00f3n, Salvio y sus abogados (Claudio Caffarello y Fernando Sicilia) est\u00e1n a la espera de que se realicen las pruebas que la defensa demand\u00f3 para la investigaci\u00f3n del hecho y el letrado dijo al respecto: \u00abHasta el momento lo \u00fanico que hay son declaraciones de la supuesta v\u00edctima\u00bb.<\/p>\n\n\n\n<p>&nbsp;&nbsp; En tanto, Aravena no efectu\u00f3 a\u00fan una denuncia penal en ninguna sede policial ante el suceso, por lo que la defensa de Salvio utiliz\u00f3 como prueba un supuesto chat en el que la joven amenaz\u00f3 al jugador y le pidi\u00f3 que \u00abno d\u00e9 ning\u00fan paso en falso\u00bb sino continuar\u00eda con \u00abla parte penal\u00bb.<\/p>\n\n\n\n<p>&nbsp;&nbsp; En la ma\u00f1ana de este viernes, Salvio se present\u00f3 a entrenar con Boca acompa\u00f1ado por dos amigos e ingres\u00f3 al predio de Casa Amarilla por uno de los laterales en un veh\u00edculo conducido por uno de los acompa\u00f1antes ya que la Justicia le impuso una restricci\u00f3n para manejar.<\/p>\n","protected":false},"excerpt":{"rendered":"<p>El abogado Fernando Sicilia, uno de los defensores del jugador Eduardo \u00abToto\u00bb Salvio, asegur\u00f3 que \u00abno hubo violencia de g\u00e9nero\u00bb de parte del futbolista hacia Magal\u00ed Aravena, su ex pareja y madre de sus dos hijos, a la vez que relat\u00f3 c\u00f3mo fue la secuencia del incidente ocurrido en Puerto Madero. &nbsp; &nbsp;\u00abSalvio no estaba [&hellip;]<\/p>\n","protected":false},"author":2,"featured_media":14689,"comment_status":"open","ping_status":"open","sticky":false,"template":"","format":"standard","meta":{"footnotes":""},"categories":[50],"tags":[],"class_list":["post-14688","post","type-post","status-publish","format-standard","has-post-thumbnail","hentry","category-deportes"],"_links":{"self":[{"href":"https:\/\/clicdenoticias.com\/index.php\/wp-json\/wp\/v2\/posts\/14688","targetHints":{"allow":["GET"]}}],"collection":[{"href":"https:\/\/clicdenoticias.com\/index.php\/wp-json\/wp\/v2\/posts"}],"about":[{"href":"https:\/\/clicdenoticias.com\/index.php\/wp-json\/wp\/v2\/types\/post"}],"author":[{"embeddable":true,"href":"https:\/\/clicdenoticias.com\/index.php\/wp-json\/wp\/v2\/users\/2"}],"replies":[{"embeddable":true,"href":"https:\/\/clicdenoticias.com\/index.php\/wp-json\/wp\/v2\/comments?post=14688"}],"version-history":[{"count":1,"href":"https:\/\/clicdenoticias.com\/index.php\/wp-json\/wp\/v2\/posts\/14688\/revisions"}],"predecessor-version":[{"id":14690,"href":"https:\/\/clicdenoticias.com\/index.php\/wp-json\/wp\/v2\/posts\/14688\/revisions\/14690"}],"wp:featuredmedia":[{"embeddable":true,"href":"https:\/\/clicdenoticias.com\/index.php\/wp-json\/wp\/v2\/media\/14689"}],"wp:attachment":[{"href":"https:\/\/clicdenoticias.com\/index.php\/wp-json\/wp\/v2\/media?parent=14688"}],"wp:term":[{"taxonomy":"category","embeddable":true,"href":"https:\/\/clicdenoticias.com\/index.php\/wp-json\/wp\/v2\/categories?post=14688"},{"taxonomy":"post_tag","embeddable":true,"href":"https:\/\/clicdenoticias.com\/index.php\/wp-json\/wp\/v2\/tags?post=14688"}],"curies":[{"name":"wp","href":"https:\/\/api.w.org\/{rel}","templated":true}]}}