{"id":14743,"date":"2022-04-18T08:10:25","date_gmt":"2022-04-18T11:10:25","guid":{"rendered":"https:\/\/clicdenoticias.com\/?p=14743"},"modified":"2022-04-18T08:10:26","modified_gmt":"2022-04-18T11:10:26","slug":"guzman-salio-en-defensa-de-la-expropiacion-de-ypf-al-afirmar-que-hoy-se-puede-hablar-de-construir-soberania-energetica","status":"publish","type":"post","link":"https:\/\/clicdenoticias.com\/index.php\/2022\/04\/18\/guzman-salio-en-defensa-de-la-expropiacion-de-ypf-al-afirmar-que-hoy-se-puede-hablar-de-construir-soberania-energetica\/","title":{"rendered":"GUZM\u00c1N SALI\u00d3 EN DEFENSA DE LA EXPROPIACI\u00d3N DE YPF AL AFIRMAR QUE \u00abHOY SE PUEDE HABLAR DE CONSTRUIR SOBERAN\u00cdA ENERG\u00c9TICA\u00bb"},"content":{"rendered":"\n<p><strong>El ministro de Econom\u00eda, Mart\u00edn Guzm\u00e1n, defendi\u00f3 la expropiaci\u00f3n de la petrolera YPF ocurrida hace 10 a\u00f1os, y remarc\u00f3 que \u00abhoy se puede hablar de construir soberan\u00eda energ\u00e9tica\u00bb, pese a las cr\u00edticas que recibi\u00f3 la empresa por tener un precio de mercado 75 por ciento inferior al que ten\u00eda hace una d\u00e9cada.&nbsp;<\/strong><\/p>\n\n\n\n<p>&nbsp; &nbsp;\u00abHoy se puede hablar de construir soberan\u00eda energ\u00e9tica porque hace 10 a\u00f1os se tom\u00f3 una decisi\u00f3n estrat\u00e9gica. Hoy Vaca Muerta tiene la importancia que tiene por esa misma decisi\u00f3n. Recuperar YPF fue un acto de soberan\u00eda que cambi\u00f3 la din\u00e1mica sectorial\u00bb, afirm\u00f3 Guzm\u00e1n en su cuenta de la red social Twitter.<\/p>\n\n\n\n<p>&nbsp;&nbsp; El funcionario asegur\u00f3 que \u00abla transformaci\u00f3n m\u00e1s relevante fue el notable aumento de la inversi\u00f3n para poner en marcha el desarrollo productivo de Vaca Muerta, la segunda reserva mundial de gas no convencional y la cuarta de petr\u00f3leo no convencional y as\u00ed, cambiar la historia energ\u00e9tica de nuestro pa\u00eds\u00bb.<\/p>\n\n\n\n<p>&nbsp;&nbsp; Guzm\u00e1n plante\u00f3 que \u00abluego de una nueva etapa de desinversi\u00f3n y declive desde fines de 2015, YPF est\u00e1 transitando un notable proceso de recuperaci\u00f3n, con el mayor programa de inversi\u00f3n del \u00faltimo lustro (u$s 3.700 millones)\u00bb.<\/p>\n\n\n\n<p>&nbsp;&nbsp; Asimismo, en una serie de tuits que public\u00f3 en su cuenta durante las \u00faltimas horas, el ministro de Econom\u00eda afirm\u00f3 que \u00abcuando YPF crece, toda la industria energ\u00e9tica nacional se potencia\u00bb.<\/p>\n\n\n\n<p>&nbsp;&nbsp; En ese sentido, el titular del Palacio de Hacienda sostuvo que \u00abhoy Argentina enfrenta una gran oportunidad para acelerar el desarrollo energ\u00e9tico, lo que ser\u00eda transformacional para nuestro sistema productivo y la estabilidad econ\u00f3mica\u00bb.<\/p>\n\n\n\n<p>&nbsp;&nbsp; \u00abLa decisi\u00f3n sobre YPF del 16 de abril de 2012 permite que 10 a\u00f1os despu\u00e9s este camino sea posible\u00bb, defendi\u00f3 el titular del Palacio de Hacienda.<\/p>\n","protected":false},"excerpt":{"rendered":"<p>El ministro de Econom\u00eda, Mart\u00edn Guzm\u00e1n, defendi\u00f3 la expropiaci\u00f3n de la petrolera YPF ocurrida hace 10 a\u00f1os, y remarc\u00f3 que \u00abhoy se puede hablar de construir soberan\u00eda energ\u00e9tica\u00bb, pese a las cr\u00edticas que recibi\u00f3 la empresa por tener un precio de mercado 75 por ciento inferior al que ten\u00eda hace una d\u00e9cada.&nbsp; &nbsp; &nbsp;\u00abHoy se [&hellip;]<\/p>\n","protected":false},"author":2,"featured_media":14744,"comment_status":"open","ping_status":"open","sticky":false,"template":"","format":"standard","meta":{"footnotes":""},"categories":[44],"tags":[],"class_list":["post-14743","post","type-post","status-publish","format-standard","has-post-thumbnail","hentry","category-economia"],"_links":{"self":[{"href":"https:\/\/clicdenoticias.com\/index.php\/wp-json\/wp\/v2\/posts\/14743","targetHints":{"allow":["GET"]}}],"collection":[{"href":"https:\/\/clicdenoticias.com\/index.php\/wp-json\/wp\/v2\/posts"}],"about":[{"href":"https:\/\/clicdenoticias.com\/index.php\/wp-json\/wp\/v2\/types\/post"}],"author":[{"embeddable":true,"href":"https:\/\/clicdenoticias.com\/index.php\/wp-json\/wp\/v2\/users\/2"}],"replies":[{"embeddable":true,"href":"https:\/\/clicdenoticias.com\/index.php\/wp-json\/wp\/v2\/comments?post=14743"}],"version-history":[{"count":1,"href":"https:\/\/clicdenoticias.com\/index.php\/wp-json\/wp\/v2\/posts\/14743\/revisions"}],"predecessor-version":[{"id":14745,"href":"https:\/\/clicdenoticias.com\/index.php\/wp-json\/wp\/v2\/posts\/14743\/revisions\/14745"}],"wp:featuredmedia":[{"embeddable":true,"href":"https:\/\/clicdenoticias.com\/index.php\/wp-json\/wp\/v2\/media\/14744"}],"wp:attachment":[{"href":"https:\/\/clicdenoticias.com\/index.php\/wp-json\/wp\/v2\/media?parent=14743"}],"wp:term":[{"taxonomy":"category","embeddable":true,"href":"https:\/\/clicdenoticias.com\/index.php\/wp-json\/wp\/v2\/categories?post=14743"},{"taxonomy":"post_tag","embeddable":true,"href":"https:\/\/clicdenoticias.com\/index.php\/wp-json\/wp\/v2\/tags?post=14743"}],"curies":[{"name":"wp","href":"https:\/\/api.w.org\/{rel}","templated":true}]}}