{"id":14749,"date":"2022-04-18T08:17:31","date_gmt":"2022-04-18T11:17:31","guid":{"rendered":"https:\/\/clicdenoticias.com\/?p=14749"},"modified":"2022-04-18T08:17:32","modified_gmt":"2022-04-18T11:17:32","slug":"un-ex-diputado-kirchnerista-reclama-al-gobierno-que-otorgue-un-aumento-salarial-por-decreto","status":"publish","type":"post","link":"https:\/\/clicdenoticias.com\/index.php\/2022\/04\/18\/un-ex-diputado-kirchnerista-reclama-al-gobierno-que-otorgue-un-aumento-salarial-por-decreto\/","title":{"rendered":"UN EX DIPUTADO KIRCHNERISTA RECLAMA AL GOBIERNO QUE OTORGUE UN AUMENTO SALARIAL POR DECRETO"},"content":{"rendered":"\n<p><strong>El ex diputado nacional por el kirchnerismo H\u00e9ctor Recalde consider\u00f3 hoy que el Gobierno deber\u00eda ordenar un aumento salarial por decreto \u00abde forma urgente\u00bb.<\/strong><\/p>\n\n\n\n<p>&nbsp; &nbsp;El ex legislador asegur\u00f3 que con el nivel de inflaci\u00f3n actual \u00abes muy dif\u00edcil negociar en paritarias\u00bb, pero enfatiz\u00f3: \u00abEs imperioso pedir algo ya\u00bb.<\/p>\n\n\n\n<p>&nbsp;&nbsp; \u00abY si hay pymes que no pueden pagar ese aumento por decreto, tiene que acudir el Estado, ya que es un sector que representa al 75% de la masa laboral\u00bb, enfatiz\u00f3 Recalde.<\/p>\n\n\n\n<p>&nbsp;&nbsp; En declaraciones al programa \u00abSin relato\u00bb, que se emite por AM 990, el abogado laboralista admiti\u00f3 tambi\u00e9n que el Estado falla en el control del mercado laboral.<\/p>\n\n\n\n<p>&nbsp;&nbsp; \u00abFalla el control de Estado, es algo que se da hist\u00f3ricamente.<br>&nbsp;&nbsp;Por caso, el trabajador que no est\u00e1 registrado tiene derechos, pero tiene temor de reclamar lo que corresponde. Y quien perdi\u00f3 el empleo tiene miedo que si le hizo juicio al empleador, despu\u00e9s no lo tomen en otro lado\u00bb, coment\u00f3.<\/p>\n\n\n\n<p>&nbsp;&nbsp; Por otra parte, Recalde defendi\u00f3 enf\u00e1ticamente una reducci\u00f3n de la jornada laboral.<br>&nbsp;&nbsp; A su criterio, una medida as\u00ed permitir\u00eda \u00abaumentar la productividad y disminuir la cantidad de accidentes de trabajo\u00bb.<\/p>\n\n\n\n<p>&nbsp;&nbsp; Adem\u00e1s, record\u00f3 que la ley que rige la jornada de trabajo fue sancionada en 1929.<\/p>\n\n\n\n<p>&nbsp;&nbsp; \u00abMe considero reformista, pero con la protecci\u00f3n que manda la Constituci\u00f3n Nacional. En la Argentina hay 6,5 millones de personas trabajando en la actividad. Si todos ellos trabajaran una hora menos por d\u00eda, se repartir\u00eda empleo en 900 mil personas que hoy no lo tienen\u00bb, grafic\u00f3.<\/p>\n","protected":false},"excerpt":{"rendered":"<p>El ex diputado nacional por el kirchnerismo H\u00e9ctor Recalde consider\u00f3 hoy que el Gobierno deber\u00eda ordenar un aumento salarial por decreto \u00abde forma urgente\u00bb. &nbsp; &nbsp;El ex legislador asegur\u00f3 que con el nivel de inflaci\u00f3n actual \u00abes muy dif\u00edcil negociar en paritarias\u00bb, pero enfatiz\u00f3: \u00abEs imperioso pedir algo ya\u00bb. &nbsp;&nbsp; \u00abY si hay pymes que [&hellip;]<\/p>\n","protected":false},"author":2,"featured_media":14750,"comment_status":"open","ping_status":"open","sticky":false,"template":"","format":"standard","meta":{"footnotes":""},"categories":[46],"tags":[],"class_list":["post-14749","post","type-post","status-publish","format-standard","has-post-thumbnail","hentry","category-gremial"],"_links":{"self":[{"href":"https:\/\/clicdenoticias.com\/index.php\/wp-json\/wp\/v2\/posts\/14749","targetHints":{"allow":["GET"]}}],"collection":[{"href":"https:\/\/clicdenoticias.com\/index.php\/wp-json\/wp\/v2\/posts"}],"about":[{"href":"https:\/\/clicdenoticias.com\/index.php\/wp-json\/wp\/v2\/types\/post"}],"author":[{"embeddable":true,"href":"https:\/\/clicdenoticias.com\/index.php\/wp-json\/wp\/v2\/users\/2"}],"replies":[{"embeddable":true,"href":"https:\/\/clicdenoticias.com\/index.php\/wp-json\/wp\/v2\/comments?post=14749"}],"version-history":[{"count":1,"href":"https:\/\/clicdenoticias.com\/index.php\/wp-json\/wp\/v2\/posts\/14749\/revisions"}],"predecessor-version":[{"id":14751,"href":"https:\/\/clicdenoticias.com\/index.php\/wp-json\/wp\/v2\/posts\/14749\/revisions\/14751"}],"wp:featuredmedia":[{"embeddable":true,"href":"https:\/\/clicdenoticias.com\/index.php\/wp-json\/wp\/v2\/media\/14750"}],"wp:attachment":[{"href":"https:\/\/clicdenoticias.com\/index.php\/wp-json\/wp\/v2\/media?parent=14749"}],"wp:term":[{"taxonomy":"category","embeddable":true,"href":"https:\/\/clicdenoticias.com\/index.php\/wp-json\/wp\/v2\/categories?post=14749"},{"taxonomy":"post_tag","embeddable":true,"href":"https:\/\/clicdenoticias.com\/index.php\/wp-json\/wp\/v2\/tags?post=14749"}],"curies":[{"name":"wp","href":"https:\/\/api.w.org\/{rel}","templated":true}]}}