{"id":14981,"date":"2022-04-25T10:35:24","date_gmt":"2022-04-25T13:35:24","guid":{"rendered":"https:\/\/clicdenoticias.com\/?p=14981"},"modified":"2022-04-25T10:35:25","modified_gmt":"2022-04-25T13:35:25","slug":"bernal-no-vamos-a-hacer-que-la-gente-elija-entre-pagar-el-gas-o-comprar-medicamentos","status":"publish","type":"post","link":"https:\/\/clicdenoticias.com\/index.php\/2022\/04\/25\/bernal-no-vamos-a-hacer-que-la-gente-elija-entre-pagar-el-gas-o-comprar-medicamentos\/","title":{"rendered":"BERNAL: \u00abNO VAMOS A HACER QUE LA GENTE ELIJA ENTRE PAGAR EL GAS O COMPRAR MEDICAMENTOS\u00bb"},"content":{"rendered":"\n<p><strong>El interventor del Ente Nacional Regulador del Gas (Enargas) Federico Bernal, asegur\u00f3 hoy que el Gobierno tiene \u00abmucha responsabilidad\u00bb para aplicar aumentos de tarifas, por lo cual garantiz\u00f3 que no van a \u00abhacer que la gente tenga que elegir entre pagar el gas o comprar medicamentos\u00bb.<\/strong><\/p>\n\n\n\n<p>&nbsp; &nbsp;Entre el 10 y el 12 de mayo se realizar\u00e1n las audiencias p\u00fablicas para la actualizaci\u00f3n de las tarifas de electricidad y gas por redes, y la correspondiente a la segmentaci\u00f3n de subsidios.<\/p>\n\n\n\n<p>&nbsp;&nbsp; Bernal dijo acerca de las audiencias: \u00abA diferencia de lo que pasaba en el Gobierno anterior, no son decorativas: ac\u00e1 se escucha y se discuten las diferentes posiciones\u00bb.<\/p>\n\n\n\n<p>&nbsp;&nbsp; \u00abNo se va a hacer nada por fuera del marco regulatorio para el aumento del gas. Se esta trabajando en la segmentaci\u00f3n y creo que va a ser un \u00e9xito\u00bb, resalt\u00f3 el funcionario, en declaraciones al programa \u00abRuleta Rusa\u00bb, que se emite por FM Metro.<\/p>\n\n\n\n<p>&nbsp;&nbsp; Al momento de convocar oficialmente a las audiencias, el 18 de abril \u00faltimo, el Gobierno justific\u00f3 el ajuste tarifario en funci\u00f3n del \u00abincremento significativo y generalizado de los precios internacionales de los commodities energ\u00e9ticos, generado por el incremento de la demanda internacional determinado por el crecimiento de la actividad econ\u00f3mica post pandemia\u00bb.<\/p>\n\n\n\n<p>&nbsp;&nbsp; Tambi\u00e9n, indic\u00f3: \u00abLa guerra en Ucrania determin\u00f3 una nueva y m\u00e1s significativa suba de los precios internacionales, especialmente del Gas Natural Licuado (GNL) y del Gas Oil, commodities a los que debe acceder nuestro pa\u00eds anualmente en el invierno para complementar la producci\u00f3n nacional de Gas Natural y abastecer la demanda interna\u00bb.<\/p>\n\n\n\n<p>&nbsp;&nbsp; En tanto, el 12 de mayo se realizar\u00e1 la audiencia para abordar la segmentaci\u00f3n en el otorgamiento de los subsidios al precio de la energ\u00eda por parte del Estado Nacional a los usuarios del servicio de gas natural y de energ\u00eda el\u00e9ctrica, para el bienio 2022-2023.<\/p>\n\n\n\n<p>&nbsp;&nbsp; El Poder Ejecutivo reconoci\u00f3 que las partidas presupuestarias destinadas a la cobertura de subsidios energ\u00e9ticos \u00abhan sufrido aumentos notorios, impactando no s\u00f3lo en el resultado fiscal (d\u00e9ficit primario) sino tambi\u00e9n en caracter\u00edsticas que hacen a la calidad del gasto, sobre todo en relaci\u00f3n a su progresividad o regresividad\u00bb.<\/p>\n\n\n\n<p>&nbsp;&nbsp; La Casa Rosada anticip\u00f3 que el 10% de usuarios residenciales de los servicios de gas y de electricidad con mayor capacidad de pago dejar\u00e1 de recibir el subsidio.<\/p>\n\n\n\n<p>&nbsp;&nbsp; Por otra parte, Bernal se refiri\u00f3 a la construcci\u00f3n del gasoducto N\u00e9stor Kirchner: \u00abEs parte del plan para lograr el autoabastecimiento de gas\u00bb.<\/p>\n","protected":false},"excerpt":{"rendered":"<p>El interventor del Ente Nacional Regulador del Gas (Enargas) Federico Bernal, asegur\u00f3 hoy que el Gobierno tiene \u00abmucha responsabilidad\u00bb para aplicar aumentos de tarifas, por lo cual garantiz\u00f3 que no van a \u00abhacer que la gente tenga que elegir entre pagar el gas o comprar medicamentos\u00bb. &nbsp; &nbsp;Entre el 10 y el 12 de mayo [&hellip;]<\/p>\n","protected":false},"author":2,"featured_media":14982,"comment_status":"open","ping_status":"open","sticky":false,"template":"","format":"standard","meta":{"footnotes":""},"categories":[44],"tags":[],"class_list":["post-14981","post","type-post","status-publish","format-standard","has-post-thumbnail","hentry","category-economia"],"_links":{"self":[{"href":"https:\/\/clicdenoticias.com\/index.php\/wp-json\/wp\/v2\/posts\/14981","targetHints":{"allow":["GET"]}}],"collection":[{"href":"https:\/\/clicdenoticias.com\/index.php\/wp-json\/wp\/v2\/posts"}],"about":[{"href":"https:\/\/clicdenoticias.com\/index.php\/wp-json\/wp\/v2\/types\/post"}],"author":[{"embeddable":true,"href":"https:\/\/clicdenoticias.com\/index.php\/wp-json\/wp\/v2\/users\/2"}],"replies":[{"embeddable":true,"href":"https:\/\/clicdenoticias.com\/index.php\/wp-json\/wp\/v2\/comments?post=14981"}],"version-history":[{"count":1,"href":"https:\/\/clicdenoticias.com\/index.php\/wp-json\/wp\/v2\/posts\/14981\/revisions"}],"predecessor-version":[{"id":14983,"href":"https:\/\/clicdenoticias.com\/index.php\/wp-json\/wp\/v2\/posts\/14981\/revisions\/14983"}],"wp:featuredmedia":[{"embeddable":true,"href":"https:\/\/clicdenoticias.com\/index.php\/wp-json\/wp\/v2\/media\/14982"}],"wp:attachment":[{"href":"https:\/\/clicdenoticias.com\/index.php\/wp-json\/wp\/v2\/media?parent=14981"}],"wp:term":[{"taxonomy":"category","embeddable":true,"href":"https:\/\/clicdenoticias.com\/index.php\/wp-json\/wp\/v2\/categories?post=14981"},{"taxonomy":"post_tag","embeddable":true,"href":"https:\/\/clicdenoticias.com\/index.php\/wp-json\/wp\/v2\/tags?post=14981"}],"curies":[{"name":"wp","href":"https:\/\/api.w.org\/{rel}","templated":true}]}}