{"id":15397,"date":"2022-05-05T12:14:35","date_gmt":"2022-05-05T15:14:35","guid":{"rendered":"https:\/\/clicdenoticias.com\/?p=15397"},"modified":"2022-05-05T12:14:36","modified_gmt":"2022-05-05T15:14:36","slug":"se-conocieron-audios-del-acusado-de-matar-a-su-familia-en-ramallo-tengo-que-abrir-la-sucesion","status":"publish","type":"post","link":"https:\/\/clicdenoticias.com\/index.php\/2022\/05\/05\/se-conocieron-audios-del-acusado-de-matar-a-su-familia-en-ramallo-tengo-que-abrir-la-sucesion\/","title":{"rendered":"SE CONOCIERON AUDIOS DEL ACUSADO DE MATAR A SU FAMILIA EN RAMALLO: \u00abTENGO QUE ABRIR LA SUCESI\u00d3N\u00bb"},"content":{"rendered":"\n<p><strong>Una serie de audios se dieron a conocer en las \u00faltimas horas en relaci\u00f3n a Pablo Dami\u00e1n Grottini, sospechoso del triple crimen de Ramallo por asesinar a su hermano, a su hija y a su mam\u00e1.<\/strong><\/p>\n\n\n\n<p>&nbsp; &nbsp;El hombre de 41 a\u00f1os, quien est\u00e1 detenido por ser presunto responsable de los tres homicidios, ocurridos entre 2019 y 2022, sum\u00f3 una nueva sospecha, luego de que se le escuchara en la comunicaci\u00f3n con su abogada preguntar por la sucesi\u00f3n y herencias familiares que pod\u00eda cobrar.<\/p>\n\n\n\n<p>&nbsp;&nbsp; Grottini mantuvo varias conversaciones con la letrada, ya que pretend\u00eda iniciar la sucesi\u00f3n luego de la muerte del hermano, de 32 a\u00f1os.<\/p>\n\n\n\n<p>&nbsp;&nbsp; \u00abMi hermano era soltero y no ten\u00eda hijos. Quer\u00eda saber si la heredera es ella, porque mi pap\u00e1 muri\u00f3, o somos los dos\u00bb, consult\u00f3 sobre su madre, y agreg\u00f3: \u00abTengo que abrir la sucesi\u00f3n porque \u00e9l estaba pagando un plan Chevrolet, y ya la tiene a la camioneta\u00bb.<\/p>\n\n\n\n<p>&nbsp;&nbsp; \u00abGerm\u00e1n muri\u00f3 de la nada. No estaba enfermo ni nada. Se sinti\u00f3 medio descompuesto y aparentemente tuvo una muerte s\u00fabita. Lleg\u00f3 y yo lo estaba esperando en la cl\u00ednica porque se sent\u00eda descompuesto\u00bb, detall\u00f3 sobre la muerte de su hermano.<\/p>\n\n\n\n<p>&nbsp;&nbsp; Y enseguida agreg\u00f3: \u00abLe hicieron tomograf\u00eda, electrocardiograma, y dio todo perfecto. Lo internaron para dejarlo en observaci\u00f3n y se qued\u00f3 dormido. Se qued\u00f3 dormido, como si no hubiera pasado nada\u00bb.<br>&nbsp;&nbsp; Asimismo, revel\u00f3 en uno de los audios que no le realizaron una autopsia porque muri\u00f3 en la cl\u00ednica.<\/p>\n\n\n\n<p>&nbsp;&nbsp; Estos audios ahora se suman a la investigaci\u00f3n, ya que para la Justicia hay elementos que acreditan que puede ser responsable de las tres muertes: del hermano, la madre y de la hija adoptiva de 10 a\u00f1os.<\/p>\n\n\n\n<p>&nbsp;&nbsp; La fiscal Mar\u00eda Bel\u00e9n Ba\u00f1os recibir\u00e1 en estos d\u00edas los resultados de las pericias realizadas al cuerpo de la hija de 10 a\u00f1os de Grottini, quien finalmente no hab\u00eda sido cremada como s\u00ed lo fue el hermano del sospechoso.<\/p>\n\n\n\n<p>&nbsp;&nbsp; \u00abEl acusado aprovech\u00f3 que las v\u00edctimas estaban indefensas y les introdujo una sustancia por v\u00eda intravenosa que las llev\u00f3 a la muerte\u00bb, precis\u00f3 Ba\u00f1os.<\/p>\n","protected":false},"excerpt":{"rendered":"<p>Una serie de audios se dieron a conocer en las \u00faltimas horas en relaci\u00f3n a Pablo Dami\u00e1n Grottini, sospechoso del triple crimen de Ramallo por asesinar a su hermano, a su hija y a su mam\u00e1. &nbsp; &nbsp;El hombre de 41 a\u00f1os, quien est\u00e1 detenido por ser presunto responsable de los tres homicidios, ocurridos entre [&hellip;]<\/p>\n","protected":false},"author":2,"featured_media":15231,"comment_status":"open","ping_status":"open","sticky":false,"template":"","format":"standard","meta":{"footnotes":""},"categories":[45],"tags":[],"class_list":["post-15397","post","type-post","status-publish","format-standard","has-post-thumbnail","hentry","category-sociedad"],"_links":{"self":[{"href":"https:\/\/clicdenoticias.com\/index.php\/wp-json\/wp\/v2\/posts\/15397","targetHints":{"allow":["GET"]}}],"collection":[{"href":"https:\/\/clicdenoticias.com\/index.php\/wp-json\/wp\/v2\/posts"}],"about":[{"href":"https:\/\/clicdenoticias.com\/index.php\/wp-json\/wp\/v2\/types\/post"}],"author":[{"embeddable":true,"href":"https:\/\/clicdenoticias.com\/index.php\/wp-json\/wp\/v2\/users\/2"}],"replies":[{"embeddable":true,"href":"https:\/\/clicdenoticias.com\/index.php\/wp-json\/wp\/v2\/comments?post=15397"}],"version-history":[{"count":1,"href":"https:\/\/clicdenoticias.com\/index.php\/wp-json\/wp\/v2\/posts\/15397\/revisions"}],"predecessor-version":[{"id":15398,"href":"https:\/\/clicdenoticias.com\/index.php\/wp-json\/wp\/v2\/posts\/15397\/revisions\/15398"}],"wp:featuredmedia":[{"embeddable":true,"href":"https:\/\/clicdenoticias.com\/index.php\/wp-json\/wp\/v2\/media\/15231"}],"wp:attachment":[{"href":"https:\/\/clicdenoticias.com\/index.php\/wp-json\/wp\/v2\/media?parent=15397"}],"wp:term":[{"taxonomy":"category","embeddable":true,"href":"https:\/\/clicdenoticias.com\/index.php\/wp-json\/wp\/v2\/categories?post=15397"},{"taxonomy":"post_tag","embeddable":true,"href":"https:\/\/clicdenoticias.com\/index.php\/wp-json\/wp\/v2\/tags?post=15397"}],"curies":[{"name":"wp","href":"https:\/\/api.w.org\/{rel}","templated":true}]}}