{"id":15690,"date":"2022-05-14T10:20:26","date_gmt":"2022-05-14T13:20:26","guid":{"rendered":"https:\/\/clicdenoticias.com\/?p=15690"},"modified":"2022-05-14T10:20:27","modified_gmt":"2022-05-14T13:20:27","slug":"alberto-fernandez-regreso-al-pais-tras-la-gira-europea","status":"publish","type":"post","link":"https:\/\/clicdenoticias.com\/index.php\/2022\/05\/14\/alberto-fernandez-regreso-al-pais-tras-la-gira-europea\/","title":{"rendered":"ALBERTO FERN\u00c1NDEZ REGRES\u00d3 AL PA\u00cdS TRAS LA GIRA EUROPEA"},"content":{"rendered":"\n<p><strong>Tras una la gira por Europa que lo llev\u00f3 a visitar&nbsp;Espa\u00f1a, Alemania y Francia, el presidente Alberto Fern\u00e1ndez regres\u00f3 al pa\u00eds este s\u00e1bado a la madrugada y retoma la agenda local&nbsp;en medio de un escenario agitado por la crisis pol\u00edtica que afecta al oficialismo y los elevados \u00edndices de inflaci\u00f3n.<\/strong><\/p>\n\n\n\n<p>&nbsp; &nbsp;El avi\u00f3n que lo trajo de regreso desde el Viejo Continente aterriz\u00f3 a las 0:10 de este s\u00e1bado en el Aeropuerto Internacional de Ezeiza \u00abMinistro Pistarini\u00bb, procedente de la terminal a\u00e9rea Charles de Gaulle, en las afueras de Par\u00eds.<\/p>\n\n\n\n<p>&nbsp;&nbsp; Durante su gira oficial, el mandatario se reuni\u00f3 en Espa\u00f1a con el jefe de Gobierno ib\u00e9rico, Pedro S\u00e1nchez, y con el rey Felipe VI; en Alemania mantuvo un encuentro con el canciller federal, Olaf Scholz; mientras que en Francia se encontr\u00f3 con el presidente galo, Emmanuel Macron, recientemente reelecto en su cargo.<\/p>\n\n\n\n<p>&nbsp;&nbsp; Uno de los principales objetivos de la gira europea fue buscar consensos para \u00abresponder colectivamente\u00bb ante las consecuencias de la invasi\u00f3n rusa en Ucrania y advirtieron sobre el riesgo de una crisis energ\u00e9tica y alimentaria en las zonas m\u00e1s desfavorecidas del planeta.<\/p>\n\n\n\n<p>&nbsp;&nbsp; En varias de sus exposiciones a los medios de los pa\u00edses que visit\u00f3, el jefe de Estado tambi\u00e9n&nbsp;aprovech\u00f3 para lanzar algunas indirectas a la vicepresidenta, Cristina Kirchner.&nbsp;Al arribar a Espa\u00f1a, le respondi\u00f3 a un planteo de la titular del Senado, quien en un acto en Chaco hab\u00eda advertido que el Frente de Todos \u00abno le est\u00e1 haciendo honor a la confianza que depositaron\u00bb los votantes en 2019.<\/p>\n\n\n\n<p>&nbsp;&nbsp; \u00abCreo que (la de Cristina) es una mirada parcial, absolutamente econ\u00f3mica, que desatiende todo los que nos toc\u00f3 pasar en el medio.<\/p>\n\n\n\n<p>&nbsp;&nbsp;Vivimos una pandemia, una tragedia que la humanidad vive muy de tanto en tanto, que se ha llevado 6 millones de vidas en el mundo, m\u00e1s de 100 mil argentinos. Y con todo, logramos que ning\u00fan argentino se quedara sin la atenci\u00f3n m\u00e9dica que necesitaba\u00bb, contest\u00f3 el Presidente.<\/p>\n\n\n\n<p>&nbsp;&nbsp; Luego en Alemania, el mandatario volvi\u00f3 a referirse a la vicepresidenta, pero sin nombrarla. \u00abYo no decepcion\u00e9 a parte de mi electorado, eso es lo que dicen algunos. S\u00ed creo que la pandemia afect\u00f3 mucho a la sociedad argentina. La Argentina viv\u00eda un momento de enorme crisis cuando asum\u00ed. La inflaci\u00f3n era del 54%, eh, para que lo tengamos en claro&#8230;\u00bb, afirm\u00f3.<\/p>\n\n\n\n<p>&nbsp;&nbsp; Y agreg\u00f3: \u00abEl mundo fue una v\u00edctima de la pandemia. La pandemia ha sido algo muy gravoso para el mundo. Porque era algo desconocido y el mundo no sab\u00eda c\u00f3mo afrontarlo. Siento que eso afect\u00f3 a muchos seres humanos que claramente han visto algunos perder sus negocios, su trabajo, a sus seres queridos y ni siquiera pudo despedirse de ellos\u00bb.<\/p>\n","protected":false},"excerpt":{"rendered":"<p>Tras una la gira por Europa que lo llev\u00f3 a visitar&nbsp;Espa\u00f1a, Alemania y Francia, el presidente Alberto Fern\u00e1ndez regres\u00f3 al pa\u00eds este s\u00e1bado a la madrugada y retoma la agenda local&nbsp;en medio de un escenario agitado por la crisis pol\u00edtica que afecta al oficialismo y los elevados \u00edndices de inflaci\u00f3n. &nbsp; &nbsp;El avi\u00f3n que lo [&hellip;]<\/p>\n","protected":false},"author":2,"featured_media":15691,"comment_status":"open","ping_status":"open","sticky":false,"template":"","format":"standard","meta":{"footnotes":""},"categories":[43],"tags":[],"class_list":["post-15690","post","type-post","status-publish","format-standard","has-post-thumbnail","hentry","category-politica"],"_links":{"self":[{"href":"https:\/\/clicdenoticias.com\/index.php\/wp-json\/wp\/v2\/posts\/15690","targetHints":{"allow":["GET"]}}],"collection":[{"href":"https:\/\/clicdenoticias.com\/index.php\/wp-json\/wp\/v2\/posts"}],"about":[{"href":"https:\/\/clicdenoticias.com\/index.php\/wp-json\/wp\/v2\/types\/post"}],"author":[{"embeddable":true,"href":"https:\/\/clicdenoticias.com\/index.php\/wp-json\/wp\/v2\/users\/2"}],"replies":[{"embeddable":true,"href":"https:\/\/clicdenoticias.com\/index.php\/wp-json\/wp\/v2\/comments?post=15690"}],"version-history":[{"count":1,"href":"https:\/\/clicdenoticias.com\/index.php\/wp-json\/wp\/v2\/posts\/15690\/revisions"}],"predecessor-version":[{"id":15692,"href":"https:\/\/clicdenoticias.com\/index.php\/wp-json\/wp\/v2\/posts\/15690\/revisions\/15692"}],"wp:featuredmedia":[{"embeddable":true,"href":"https:\/\/clicdenoticias.com\/index.php\/wp-json\/wp\/v2\/media\/15691"}],"wp:attachment":[{"href":"https:\/\/clicdenoticias.com\/index.php\/wp-json\/wp\/v2\/media?parent=15690"}],"wp:term":[{"taxonomy":"category","embeddable":true,"href":"https:\/\/clicdenoticias.com\/index.php\/wp-json\/wp\/v2\/categories?post=15690"},{"taxonomy":"post_tag","embeddable":true,"href":"https:\/\/clicdenoticias.com\/index.php\/wp-json\/wp\/v2\/tags?post=15690"}],"curies":[{"name":"wp","href":"https:\/\/api.w.org\/{rel}","templated":true}]}}