{"id":15842,"date":"2022-05-19T10:50:33","date_gmt":"2022-05-19T13:50:33","guid":{"rendered":"https:\/\/clicdenoticias.com\/?p=15842"},"modified":"2022-05-19T10:50:34","modified_gmt":"2022-05-19T13:50:34","slug":"anibal-fernandez-calento-aun-mas-la-interna-del-frente-de-todos-cristina-se-corrio-de-la-gestion","status":"publish","type":"post","link":"https:\/\/clicdenoticias.com\/index.php\/2022\/05\/19\/anibal-fernandez-calento-aun-mas-la-interna-del-frente-de-todos-cristina-se-corrio-de-la-gestion\/","title":{"rendered":"AN\u00cdBAL FERN\u00c1NDEZ CALENT\u00d3 A\u00daN M\u00c1S LA INTERNA DEL FRENTE DE TODOS: \u00abCRISTINA SE CORRI\u00d3 DE LA GESTI\u00d3N\u00bb"},"content":{"rendered":"\n<p><strong>El ministro de Seguridad, An\u00edbal Fern\u00e1ndez, subi\u00f3 a\u00fan m\u00e1s la temperatura a la interna del Frente de Todos al asegurar que la vicepresidenta, Cristina Kirchner, \u00abse corri\u00f3 de la gesti\u00f3n\u00bb.&nbsp;<\/strong><\/p>\n\n\n\n<p>&nbsp; &nbsp;\u00abHay cosas que a m\u00ed no me gustaron. No mencion\u00f3 del Presidente, no habl\u00f3 del acuerdo con el Fondo y el trabajo que se hizo, omiti\u00f3 hablar de la desocupaci\u00f3n del 7%. Habl\u00f3 del tema (Mat\u00edas) Kulfas, una discusi\u00f3n de un tercio de un libro y no miran la gesti\u00f3n de Producci\u00f3n\u00bb, apunt\u00f3 el funcionario nacional, en referencia al discurso que dio d\u00edas atr\u00e1s la titular del Senado en Chaco.<\/p>\n\n\n\n<p>&nbsp;&nbsp; Antes de ingresar a la Casa Rosada para participar de la reuni\u00f3n de Gabinete, el referente peronista continu\u00f3: \u00abCristina se corri\u00f3 de la gesti\u00f3n. No tiene sentido que los que llegamos con un objetivo nos corramos para no seguir avanzando con ese tema. El m\u00e9todo no puede ser la interna que fue lo que pas\u00f3, una hora y media hablando de la interna. Tenemos que hablar para definir m\u00e9todos y acciones constructivas y no hablamos de la oposici\u00f3n\u00bb.<\/p>\n\n\n\n<p>&nbsp;&nbsp; El titular de la cartera policial se ha convertido en uno de los funcionarios defensores del presidente Alberto Fern\u00e1ndez en el marco de la contienda con sectores kirchneristas. A pesar de eso, el ministro&nbsp;insisti\u00f3 en el di\u00e1logo entre las partes como forma de \u00abbuscar consensos\u00bb, aunque aclar\u00f3 que quien debe llevar adelante las decisiones es el Presidente.<\/p>\n\n\n\n<p>&nbsp;&nbsp; En l\u00ednea con el mandatario, reiter\u00f3 el planteo de cara a los funcionarios que cuestionan las pol\u00edticas del Gobierno: \u00abTodo el mundo tiene un trabajo por hacer, y vamos hacia el mismo objetivo, el que no est\u00e9 de acuerdo con la situaci\u00f3n, ya lo dijo el jefe de Gabinete en la reuni\u00f3n de gabinete, se sacan la camiseta y perderemos un voto\u00bb. Y agreg\u00f3: \u00abNo veo a nadie que desentone y si no est\u00e1 de acuerdo se tiene que ir\u00bb.&nbsp;.<\/p>\n\n\n\n<p>&nbsp;&nbsp; Previo al ingreso a Casa Rosada, el jefe de Gabinete,&nbsp;Juan Manzur, afirm\u00f3: \u00abEl Presidente es claro. Hay que apuntalar lo que tiene que ver con la gesti\u00f3n. Quien conduce el Poder Ejecutivo es el Presidente de la Naci\u00f3n y el equipo que se re\u00fane hoy es el del Presidente. Me habr\u00e1n escuchado y lo vuelvo a repetir, estamos centrados en lo que es la gesti\u00f3n\u00bb.<\/p>\n","protected":false},"excerpt":{"rendered":"<p>El ministro de Seguridad, An\u00edbal Fern\u00e1ndez, subi\u00f3 a\u00fan m\u00e1s la temperatura a la interna del Frente de Todos al asegurar que la vicepresidenta, Cristina Kirchner, \u00abse corri\u00f3 de la gesti\u00f3n\u00bb.&nbsp; &nbsp; &nbsp;\u00abHay cosas que a m\u00ed no me gustaron. No mencion\u00f3 del Presidente, no habl\u00f3 del acuerdo con el Fondo y el trabajo que se [&hellip;]<\/p>\n","protected":false},"author":2,"featured_media":15843,"comment_status":"open","ping_status":"open","sticky":false,"template":"","format":"standard","meta":{"footnotes":""},"categories":[43],"tags":[],"class_list":["post-15842","post","type-post","status-publish","format-standard","has-post-thumbnail","hentry","category-politica"],"_links":{"self":[{"href":"https:\/\/clicdenoticias.com\/index.php\/wp-json\/wp\/v2\/posts\/15842","targetHints":{"allow":["GET"]}}],"collection":[{"href":"https:\/\/clicdenoticias.com\/index.php\/wp-json\/wp\/v2\/posts"}],"about":[{"href":"https:\/\/clicdenoticias.com\/index.php\/wp-json\/wp\/v2\/types\/post"}],"author":[{"embeddable":true,"href":"https:\/\/clicdenoticias.com\/index.php\/wp-json\/wp\/v2\/users\/2"}],"replies":[{"embeddable":true,"href":"https:\/\/clicdenoticias.com\/index.php\/wp-json\/wp\/v2\/comments?post=15842"}],"version-history":[{"count":1,"href":"https:\/\/clicdenoticias.com\/index.php\/wp-json\/wp\/v2\/posts\/15842\/revisions"}],"predecessor-version":[{"id":15844,"href":"https:\/\/clicdenoticias.com\/index.php\/wp-json\/wp\/v2\/posts\/15842\/revisions\/15844"}],"wp:featuredmedia":[{"embeddable":true,"href":"https:\/\/clicdenoticias.com\/index.php\/wp-json\/wp\/v2\/media\/15843"}],"wp:attachment":[{"href":"https:\/\/clicdenoticias.com\/index.php\/wp-json\/wp\/v2\/media?parent=15842"}],"wp:term":[{"taxonomy":"category","embeddable":true,"href":"https:\/\/clicdenoticias.com\/index.php\/wp-json\/wp\/v2\/categories?post=15842"},{"taxonomy":"post_tag","embeddable":true,"href":"https:\/\/clicdenoticias.com\/index.php\/wp-json\/wp\/v2\/tags?post=15842"}],"curies":[{"name":"wp","href":"https:\/\/api.w.org\/{rel}","templated":true}]}}