{"id":1600,"date":"2021-04-30T16:11:05","date_gmt":"2021-04-30T16:11:05","guid":{"rendered":"https:\/\/clickdenoticias.com.ar\/?p=1600"},"modified":"2021-04-30T16:11:06","modified_gmt":"2021-04-30T16:11:06","slug":"la-oposicion-rechazo-los-anuncios-de-fernandez-y-advirtio-que-no-acompanara-su-proyecto-en-el-congreso","status":"publish","type":"post","link":"https:\/\/clicdenoticias.com\/index.php\/2021\/04\/30\/la-oposicion-rechazo-los-anuncios-de-fernandez-y-advirtio-que-no-acompanara-su-proyecto-en-el-congreso\/","title":{"rendered":"LA OPOSICI\u00d3N RECHAZ\u00d3 LOS ANUNCIOS DE FERN\u00c1NDEZ Y ADVIRTI\u00d3 QUE NO ACOMPA\u00d1AR\u00c1 SU PROYECTO EN EL CONGRESO"},"content":{"rendered":"\n<p><strong>Referentes de Juntos por el Cambio rechazaron hoy los anuncios del presidente Alberto Fern\u00e1ndez y anticiparon que no acompa\u00f1ar\u00e1n el proyecto que enviar\u00e1 al Congreso para establecer \u00abcriterios cient\u00edficos\u00bb para disponer restricciones.<\/strong><\/p>\n\n\n\n<p>&nbsp; &nbsp;La presidenta del PRO, Patricia Bullrich, fue una de las primeras en salir al cruce de las medidas anunciadas por el Presiente y record\u00f3 que \u00abel 15 de abril cerr\u00f3 las escuelas por 15 d\u00edas\u00bb.<\/p>\n\n\n\n<p>&nbsp;&nbsp; \u00abTodos sab\u00edamos que no iba a cumplir y no cumpli\u00f3\u00bb, subray\u00f3 la ex ministra de Seguridad, al referirse a que Fern\u00e1ndez extendi\u00f3 las fechas de las medidas que en un principio iban a ser por dos semanas. .<\/p>\n\n\n\n<p>&nbsp;&nbsp; \u00abAhora pide 21 d\u00edas m\u00e1s. \u00bfEmpieza el show de 21 en 21?\u00bb, plante\u00f3 Bullrich, tras se\u00f1alar: \u00abYa se lo dijimos\u00bb.<\/p>\n\n\n\n<p>&nbsp;&nbsp; En su cuenta de Twitter, explic\u00f3 que \u00abhacer lo mismo dar\u00e1 los mismos resultados: p\u00e9rdida de empleo, pobreza, tragedia educativa\u00bb.<\/p>\n\n\n\n<p>&nbsp;&nbsp; Adem\u00e1s, Bullrich sostuvo que \u00abtodo esto\u00bb presagia que \u00absin horizonte de vacunaci\u00f3n, ser\u00e1 otro a\u00f1o a la deriva\u00bb.<\/p>\n\n\n\n<p>&nbsp;&nbsp; Pidi\u00f3 dar \u00abclaridad entre tanta oscuridad\u00bb, tras enfatizar que Juntos por el Cambio \u00abestar\u00e1 al lado de cada argentino que se siente abandonado\u00bb.<\/p>\n\n\n\n<p>&nbsp;&nbsp; Por su parte, el diputado Jos\u00e9 Cano por la Uni\u00f3n C\u00edvica Radical se sum\u00f3 a los cuestionamientos contra el gobierno y se\u00f1al\u00f3 que \u00abmientras siguen con la \u00e9pica\u00bb, la campa\u00f1a de vacunaci\u00f3n permiti\u00f3 que \u00absolo el 2% de la poblaci\u00f3n tiene las dos dosis\u00bb.<\/p>\n\n\n\n<p>&nbsp;&nbsp; Con iron\u00eda, el legislador precis\u00f3 que el pa\u00eds tiene \u00abla campa\u00f1a de vacunaci\u00f3n m\u00e1s importante de la historia\u00bb, y lament\u00f3 el \u00abrechazo de vacunas despu\u00e9s que se pagaron por vacunas que nunca llegaron\u00bb.<\/p>\n\n\n\n<p>&nbsp;&nbsp; A la vez, sostuvo que \u00abmuchas de las que llegaron se las robaron y hasta ahora solo el 2% de la poblaci\u00f3n tiene las dos dosis, mientras, siguen con la \u00e9pica\u00bb.<\/p>\n\n\n\n<p>&nbsp;&nbsp; Por su parte, la diputada y vicepresidenta del PRO en la provincia de Santa Fe, Gisela Scaglia, cuestion\u00f3 a Fern\u00e1ndez por haber anunciado \u00abm\u00e1s medidas restrictivas y de paso avisa que va a mandar al Congreso un proyecto para adjudicarse superponerse\u00bb.<\/p>\n\n\n\n<p>&nbsp;&nbsp; Consider\u00f3 que el Presidente no dijo \u00abni una palabra sobre el fracaso del plan de vacunaci\u00f3n, ni una certeza sobre c\u00f3mo se va a contener a los q quedan fuera de la escuela\u00bb.<\/p>\n\n\n\n<p>&nbsp;&nbsp; En tanto, el diputado mendocino Luis Petri de Juntos por el Cambio consider\u00f3 que \u00absi la ley que manda el Presidente al Congreso es para zanjar su disputa con la Ciudad, desde ya le digo que se busque otro abogado\u00bb.<br>&nbsp;&nbsp; Adem\u00e1s, asegur\u00f3 que \u00abnadie puede otorgar una facultad que no posee y si la facultad no ha sido delegada por las provincias no hay ley del Congreso que lo salve\u00bb.<\/p>\n","protected":false},"excerpt":{"rendered":"<p>Referentes de Juntos por el Cambio rechazaron hoy los anuncios del presidente Alberto Fern\u00e1ndez y anticiparon que no acompa\u00f1ar\u00e1n el proyecto que enviar\u00e1 al Congreso para establecer \u00abcriterios cient\u00edficos\u00bb para disponer restricciones. &nbsp; &nbsp;La presidenta del PRO, Patricia Bullrich, fue una de las primeras en salir al cruce de las medidas anunciadas por el Presiente [&hellip;]<\/p>\n","protected":false},"author":2,"featured_media":1601,"comment_status":"open","ping_status":"open","sticky":false,"template":"","format":"standard","meta":{"footnotes":""},"categories":[43],"tags":[48],"class_list":["post-1600","post","type-post","status-publish","format-standard","has-post-thumbnail","hentry","category-politica","tag-destacada"],"_links":{"self":[{"href":"https:\/\/clicdenoticias.com\/index.php\/wp-json\/wp\/v2\/posts\/1600","targetHints":{"allow":["GET"]}}],"collection":[{"href":"https:\/\/clicdenoticias.com\/index.php\/wp-json\/wp\/v2\/posts"}],"about":[{"href":"https:\/\/clicdenoticias.com\/index.php\/wp-json\/wp\/v2\/types\/post"}],"author":[{"embeddable":true,"href":"https:\/\/clicdenoticias.com\/index.php\/wp-json\/wp\/v2\/users\/2"}],"replies":[{"embeddable":true,"href":"https:\/\/clicdenoticias.com\/index.php\/wp-json\/wp\/v2\/comments?post=1600"}],"version-history":[{"count":1,"href":"https:\/\/clicdenoticias.com\/index.php\/wp-json\/wp\/v2\/posts\/1600\/revisions"}],"predecessor-version":[{"id":1602,"href":"https:\/\/clicdenoticias.com\/index.php\/wp-json\/wp\/v2\/posts\/1600\/revisions\/1602"}],"wp:featuredmedia":[{"embeddable":true,"href":"https:\/\/clicdenoticias.com\/index.php\/wp-json\/wp\/v2\/media\/1601"}],"wp:attachment":[{"href":"https:\/\/clicdenoticias.com\/index.php\/wp-json\/wp\/v2\/media?parent=1600"}],"wp:term":[{"taxonomy":"category","embeddable":true,"href":"https:\/\/clicdenoticias.com\/index.php\/wp-json\/wp\/v2\/categories?post=1600"},{"taxonomy":"post_tag","embeddable":true,"href":"https:\/\/clicdenoticias.com\/index.php\/wp-json\/wp\/v2\/tags?post=1600"}],"curies":[{"name":"wp","href":"https:\/\/api.w.org\/{rel}","templated":true}]}}