{"id":1603,"date":"2021-04-30T16:17:01","date_gmt":"2021-04-30T16:17:01","guid":{"rendered":"https:\/\/clickdenoticias.com.ar\/?p=1603"},"modified":"2021-04-30T16:17:02","modified_gmt":"2021-04-30T16:17:02","slug":"la-cgt-conmemoro-el-dia-del-trabajador-y-pidio-un-plan-nacional-de-desarrollo-estrategico","status":"publish","type":"post","link":"https:\/\/clicdenoticias.com\/index.php\/2021\/04\/30\/la-cgt-conmemoro-el-dia-del-trabajador-y-pidio-un-plan-nacional-de-desarrollo-estrategico\/","title":{"rendered":"LA CGT CONMEMOR\u00d3 EL D\u00cdA DEL TRABAJADOR Y PIDI\u00d3 UN \u00abPLAN NACIONAL DE DESARROLLO ESTRAT\u00c9GICO"},"content":{"rendered":"\n<p><strong>La CGT conmemor\u00f3 el D\u00eda del Trabajador que se celebrar\u00e1 el pr\u00f3ximo s\u00e1bado con un mensaje en el que reclam\u00f3 el impulso de \u00abprogramas de desarrollo estrat\u00e9gicos y de infraestructura b\u00e1sica con m\u00e1s trabajo en relaci\u00f3n de dependencia\u00bb.<\/strong><\/p>\n\n\n\n<p>&nbsp; &nbsp;En un comunicado, firmado por el Consejo Directivo Nacional, la central obrera remarc\u00f3 que \u00abfrente a la magnitud de la pandemia nada parece suficiente\u00bb, pero exhort\u00f3 a \u00absuperar este laberinto con un plan nacional de desarrollo estrat\u00e9gico, priorizando planes y programas energ\u00e9ticos, industriales y tecnol\u00f3gicos que contemplen la dimensi\u00f3n medioambiental\u00bb.<\/p>\n\n\n\n<p>&nbsp;&nbsp; Sostuvo adem\u00e1s que \u00abla crisis social y sanitaria\u00bb en la que se encuentra el pa\u00eds \u00abs\u00f3lo ser\u00e1 posible superarla con la decidida presencia del Estado, la fortaleza del Sistema de Seguridad Social y la solidaridad de todas las trabajadoras y todos los trabajadores\u00bb.<\/p>\n\n\n\n<p>&nbsp;&nbsp; En otro p\u00e1rrafo del documento, la CGT lanz\u00f3 criticas contra la anterior gesti\u00f3n de Mauricio Macri y afirm\u00f3 que \u00abcuatro a\u00f1os destruyendo el Estado, de endeudamiento desmedido, sin inversiones en Salud, sin inversiones en Educaci\u00f3n y d\u00e1ndole la espalda a la Seguridad Social, duelen en carne propia y nos golpea en la cara\u00bb.<\/p>\n\n\n\n<p>&nbsp;&nbsp; Y se\u00f1al\u00f3 que \u00abel trabajo formal y genuino model\u00f3 una sociedad virtuosa que el individualismo liberal se propuso destruir en nombre de la pseudo libertad individual\u00bb.<\/p>\n\n\n\n<p>&nbsp;&nbsp; \u00abHoy m\u00e1s que nunca debemos volver a valorar el trabajo como ordenador social y familiar con perspectiva de g\u00e9nero, como articulador del Sistema de Salud y como financiador principal de todos los institutos de la Seguridad Social\u00bb, plante\u00f3.<\/p>\n\n\n\n<p>&nbsp;&nbsp; En ese marco, la CGT pidi\u00f3 \u00abun plan general de infraestructura b\u00e1sica con foco en la construcci\u00f3n de viviendas, caminos, autopistas, transporte y saneamiento\u00bb.<\/p>\n\n\n\n<p>&nbsp;&nbsp; \u00abLa cat\u00e1strofe sanitaria sacudi\u00f3 las prioridades sociales con la violencia de lo inesperado, desnud\u00f3 r\u00e1pidamente la superficialidad de las falsas libertades y puso el acento en lo verdaderamente indispensable\u00bb, evalu\u00f3.<\/p>\n\n\n\n<p>&nbsp;&nbsp; Y finaliz\u00f3: \u00abPor eso, este primero de mayo reivindicamos el fortalecimiento del Estado, reclamamos programas de desarrollo estrat\u00e9gicos y de infraestructura b\u00e1sica con m\u00e1s trabajo en relaci\u00f3n de dependencia, con perspectiva de g\u00e9nero, que permita mejorar el financiamiento del Sistema Solidario de Salud y el fortalecimiento de la Educaci\u00f3n P\u00fablica\u00bb.<\/p>\n\n\n\n<p>&nbsp;&nbsp; Este s\u00e1bado podr\u00eda haber una reuni\u00f3n virtual del presidente Alberto Fern\u00e1ndez con dirigentes gremiales para saludarlos por el D\u00eda del Trabajador.<\/p>\n\n\n\n<p>&nbsp;&nbsp; \u00abNo est\u00e1 confirmada todav\u00eda, pero es probable que se haga\u00bb, dijo a NA una fuente de la CGT.<\/p>\n","protected":false},"excerpt":{"rendered":"<p>La CGT conmemor\u00f3 el D\u00eda del Trabajador que se celebrar\u00e1 el pr\u00f3ximo s\u00e1bado con un mensaje en el que reclam\u00f3 el impulso de \u00abprogramas de desarrollo estrat\u00e9gicos y de infraestructura b\u00e1sica con m\u00e1s trabajo en relaci\u00f3n de dependencia\u00bb. &nbsp; &nbsp;En un comunicado, firmado por el Consejo Directivo Nacional, la central obrera remarc\u00f3 que \u00abfrente a [&hellip;]<\/p>\n","protected":false},"author":2,"featured_media":1604,"comment_status":"open","ping_status":"open","sticky":false,"template":"","format":"standard","meta":{"footnotes":""},"categories":[46],"tags":[],"class_list":["post-1603","post","type-post","status-publish","format-standard","has-post-thumbnail","hentry","category-gremial"],"_links":{"self":[{"href":"https:\/\/clicdenoticias.com\/index.php\/wp-json\/wp\/v2\/posts\/1603","targetHints":{"allow":["GET"]}}],"collection":[{"href":"https:\/\/clicdenoticias.com\/index.php\/wp-json\/wp\/v2\/posts"}],"about":[{"href":"https:\/\/clicdenoticias.com\/index.php\/wp-json\/wp\/v2\/types\/post"}],"author":[{"embeddable":true,"href":"https:\/\/clicdenoticias.com\/index.php\/wp-json\/wp\/v2\/users\/2"}],"replies":[{"embeddable":true,"href":"https:\/\/clicdenoticias.com\/index.php\/wp-json\/wp\/v2\/comments?post=1603"}],"version-history":[{"count":1,"href":"https:\/\/clicdenoticias.com\/index.php\/wp-json\/wp\/v2\/posts\/1603\/revisions"}],"predecessor-version":[{"id":1605,"href":"https:\/\/clicdenoticias.com\/index.php\/wp-json\/wp\/v2\/posts\/1603\/revisions\/1605"}],"wp:featuredmedia":[{"embeddable":true,"href":"https:\/\/clicdenoticias.com\/index.php\/wp-json\/wp\/v2\/media\/1604"}],"wp:attachment":[{"href":"https:\/\/clicdenoticias.com\/index.php\/wp-json\/wp\/v2\/media?parent=1603"}],"wp:term":[{"taxonomy":"category","embeddable":true,"href":"https:\/\/clicdenoticias.com\/index.php\/wp-json\/wp\/v2\/categories?post=1603"},{"taxonomy":"post_tag","embeddable":true,"href":"https:\/\/clicdenoticias.com\/index.php\/wp-json\/wp\/v2\/tags?post=1603"}],"curies":[{"name":"wp","href":"https:\/\/api.w.org\/{rel}","templated":true}]}}