{"id":1606,"date":"2021-04-30T16:24:23","date_gmt":"2021-04-30T16:24:23","guid":{"rendered":"https:\/\/clickdenoticias.com.ar\/?p=1606"},"modified":"2021-04-30T16:24:25","modified_gmt":"2021-04-30T16:24:25","slug":"el-gobierno-autoriza-aumento-del-9-en-las-tarifas-de-luz-y-desplaza-al-subsecretario-de-energia-electrica","status":"publish","type":"post","link":"https:\/\/clicdenoticias.com\/index.php\/2021\/04\/30\/el-gobierno-autoriza-aumento-del-9-en-las-tarifas-de-luz-y-desplaza-al-subsecretario-de-energia-electrica\/","title":{"rendered":"EL GOBIERNO AUTORIZA AUMENTO DEL 9% EN LAS TARIFAS DE LUZ Y DESPLAZA AL SUBSECRETARIO DE ENERG\u00cdA EL\u00c9CTRICA"},"content":{"rendered":"\n<p><strong>El Gobierno defini\u00f3 hoy que las tarifas de electricidad aumentar\u00e1n 9% para usuarios redidenciales, y a la vez desplaz\u00f3 al subsecretario de Energ\u00eda El\u00e9ctrica, Federico Basualdo, por oponerse a esa decisi\u00f3n.<\/strong><\/p>\n\n\n\n<p>&nbsp; &nbsp;La medida se tom\u00f3 luego de una reuni\u00f3n entre el presidente Alberto Fern\u00e1ndez, el ministro de Econom\u00eda, Mart\u00edn Guzm\u00e1n y el jefe de Gabinete, Santiago Cafiero, seg\u00fan se inform\u00f3 este viernes.<\/p>\n\n\n\n<p>&nbsp;&nbsp; El ajuste ser\u00e1 el primero de los dos que se aplicar\u00e1n este a\u00f1o y, por el momento, no se detall\u00f3 oficialmente desde cu\u00e1ndo se aplicar\u00e1.<\/p>\n\n\n\n<p>&nbsp;&nbsp; El encuentro entre el jefe de Estado y sus ministros, seg\u00fan trascendi\u00f3, termin\u00f3 con el pedido de renuncia a Basualdo, en el marco de una interna entre quienes quer\u00edan que las tarifas continuaran congeladas, y quienes buscaban autorizar incrementos para reducir el gasto estatal en subsidios.<\/p>\n\n\n\n<p>&nbsp;&nbsp; De este modo, el Gobierno comienza a transitar el sendero del descongelamiento tarifario, a partir de un esquema de ajustes graduales.<\/p>\n","protected":false},"excerpt":{"rendered":"<p>El Gobierno defini\u00f3 hoy que las tarifas de electricidad aumentar\u00e1n 9% para usuarios redidenciales, y a la vez desplaz\u00f3 al subsecretario de Energ\u00eda El\u00e9ctrica, Federico Basualdo, por oponerse a esa decisi\u00f3n. &nbsp; &nbsp;La medida se tom\u00f3 luego de una reuni\u00f3n entre el presidente Alberto Fern\u00e1ndez, el ministro de Econom\u00eda, Mart\u00edn Guzm\u00e1n y el jefe de [&hellip;]<\/p>\n","protected":false},"author":2,"featured_media":1607,"comment_status":"open","ping_status":"open","sticky":false,"template":"","format":"standard","meta":{"footnotes":""},"categories":[44],"tags":[48],"class_list":["post-1606","post","type-post","status-publish","format-standard","has-post-thumbnail","hentry","category-economia","tag-destacada"],"_links":{"self":[{"href":"https:\/\/clicdenoticias.com\/index.php\/wp-json\/wp\/v2\/posts\/1606","targetHints":{"allow":["GET"]}}],"collection":[{"href":"https:\/\/clicdenoticias.com\/index.php\/wp-json\/wp\/v2\/posts"}],"about":[{"href":"https:\/\/clicdenoticias.com\/index.php\/wp-json\/wp\/v2\/types\/post"}],"author":[{"embeddable":true,"href":"https:\/\/clicdenoticias.com\/index.php\/wp-json\/wp\/v2\/users\/2"}],"replies":[{"embeddable":true,"href":"https:\/\/clicdenoticias.com\/index.php\/wp-json\/wp\/v2\/comments?post=1606"}],"version-history":[{"count":1,"href":"https:\/\/clicdenoticias.com\/index.php\/wp-json\/wp\/v2\/posts\/1606\/revisions"}],"predecessor-version":[{"id":1608,"href":"https:\/\/clicdenoticias.com\/index.php\/wp-json\/wp\/v2\/posts\/1606\/revisions\/1608"}],"wp:featuredmedia":[{"embeddable":true,"href":"https:\/\/clicdenoticias.com\/index.php\/wp-json\/wp\/v2\/media\/1607"}],"wp:attachment":[{"href":"https:\/\/clicdenoticias.com\/index.php\/wp-json\/wp\/v2\/media?parent=1606"}],"wp:term":[{"taxonomy":"category","embeddable":true,"href":"https:\/\/clicdenoticias.com\/index.php\/wp-json\/wp\/v2\/categories?post=1606"},{"taxonomy":"post_tag","embeddable":true,"href":"https:\/\/clicdenoticias.com\/index.php\/wp-json\/wp\/v2\/tags?post=1606"}],"curies":[{"name":"wp","href":"https:\/\/api.w.org\/{rel}","templated":true}]}}