{"id":1633,"date":"2021-05-02T00:31:28","date_gmt":"2021-05-02T00:31:28","guid":{"rendered":"https:\/\/clickdenoticias.com.ar\/?p=1633"},"modified":"2021-05-02T00:31:29","modified_gmt":"2021-05-02T00:31:29","slug":"chino-navarro-pidio-a-organizaciones-sociales-una-tregua-por-21-dias-sin-movilizaciones-para-frenar-la-curva-de-casos","status":"publish","type":"post","link":"https:\/\/clicdenoticias.com\/index.php\/2021\/05\/02\/chino-navarro-pidio-a-organizaciones-sociales-una-tregua-por-21-dias-sin-movilizaciones-para-frenar-la-curva-de-casos\/","title":{"rendered":"\u00abCHINO\u00bb NAVARRO PIDI\u00d3 A ORGANIZACIONES SOCIALES \u00abUNA TREGUA POR 21 D\u00cdAS\u00bb SIN MOVILIZACIONES PARA \u00abFRENAR LA CURVA\u00bb DE CASOS"},"content":{"rendered":"\n<p><strong>El secretario de Relaciones Parlamentarias de la Jefatura de Gabinete, Fernando \u00abChino\u00bb Navarro, pidi\u00f3 hoy a las organizaciones sociales que concedan \u00abuna tregua por 21 d\u00edas\u00bb, para que no se convoquen movilizaciones y ayudar a \u00abfrenar la curva de contagios\u00bb de coronavirus.<\/strong><\/p>\n\n\n\n<p>&nbsp; &nbsp;\u00abRespetuosamente pedimos a las organizaciones que hagamos una tregua y que por 21 no nos movilicemos aunque los reclamos sean leg\u00edtimos porque estamos tratando de frenar la curva de contagios\u00bb, resalt\u00f3 Navarro.<\/p>\n\n\n\n<p>&nbsp;&nbsp; En declaraciones radiales, el funcionario nacional y referente del Movimiento Evita, precis\u00f3: \u00abReconocemos que existen argumentos sobrados y razones sobradas para que haya vecinos y organizaciones sociales que reclamen porque en el marco de la pandemia, despu\u00e9s del desastre que dej\u00f3 (el ex presidente Mauricio) Macri y todo agravado, la econom\u00eda est\u00e1 muy golpeada\u00bb.<\/p>\n\n\n\n<p>&nbsp;&nbsp; En esa l\u00ednea, indic\u00f3 que el Gobierno tiene \u00abuna clara vocaci\u00f3n de no reprimir\u00bb las movilizaciones sociales, sino \u00abtratar de consensuar en el sentido racional y pac\u00edficamente\u00bb, pero aclar\u00f3 que no van a \u00abpermitir que se haga un desfile de manifestaciones que terminen afectando la salud de la comunidad en general\u00bb.<\/p>\n\n\n\n<p>&nbsp;&nbsp; \u00abTodo esto es f\u00e1cil decirlo pero llevarlo a la pr\u00e1ctica no es tan f\u00e1cil, pero el Ministerio de Seguridad de la Naci\u00f3n, el Ministerio de Seguridad de la Ciudad, los municipios vecinos del Gran Buenos Aires, tendr\u00e1n que trabajar para evitar que las movilizaciones no afecten la salud de la sociedad, que de por s\u00ed est\u00e1 muy golpeada\u00bb, subray\u00f3.<\/p>\n\n\n\n<p>&nbsp;&nbsp; Respecto de la posibilidad de que se destinen vacunas contra el coronavirus a organizaciones sociales, explic\u00f3: \u00abLo considera un decreto hace m\u00e1s de un a\u00f1o cuando se determin\u00f3 quienes eran los trabajadores esenciales, los autorizados a poder movilizarse de un lugar a otro. En ese listado est\u00e1n los trabajadores de los comedores escolares, comunitarios y los merenderos\u00bb.<\/p>\n\n\n\n<p>&nbsp;&nbsp; \u00abMayoritariamente son mujeres y hombres de organizaciones sociales, de parroquias cat\u00f3licas, de templos evang\u00e9licos y ONGs.<\/p>\n\n\n\n<p>&nbsp;&nbsp;Obviamente que quieren ser vacunados\u00bb, manifest\u00f3 Navarro,.<\/p>\n\n\n\n<p>&nbsp;&nbsp; Por \u00faltimo, indic\u00f3 que se articul\u00f3 con el ministerio de Salud \u00abhacer un relevamiento para precisar la cantidad\u00bb y \u00abla situaci\u00f3n de salud de esas personas que trabajan en los comedores\u00bb.<\/p>\n\n\n\n<p>&nbsp;&nbsp; \u00abEscuch\u00e9 a alg\u00fan periodista opositor decir que est\u00e1bamos negociando que no se movilicen a cambio de vacunas. Es un disparate importante\u00bb, concluy\u00f3.<\/p>\n","protected":false},"excerpt":{"rendered":"<p>El secretario de Relaciones Parlamentarias de la Jefatura de Gabinete, Fernando \u00abChino\u00bb Navarro, pidi\u00f3 hoy a las organizaciones sociales que concedan \u00abuna tregua por 21 d\u00edas\u00bb, para que no se convoquen movilizaciones y ayudar a \u00abfrenar la curva de contagios\u00bb de coronavirus. &nbsp; &nbsp;\u00abRespetuosamente pedimos a las organizaciones que hagamos una tregua y que por [&hellip;]<\/p>\n","protected":false},"author":2,"featured_media":1634,"comment_status":"open","ping_status":"open","sticky":false,"template":"","format":"standard","meta":{"footnotes":""},"categories":[43],"tags":[],"class_list":["post-1633","post","type-post","status-publish","format-standard","has-post-thumbnail","hentry","category-politica"],"_links":{"self":[{"href":"https:\/\/clicdenoticias.com\/index.php\/wp-json\/wp\/v2\/posts\/1633","targetHints":{"allow":["GET"]}}],"collection":[{"href":"https:\/\/clicdenoticias.com\/index.php\/wp-json\/wp\/v2\/posts"}],"about":[{"href":"https:\/\/clicdenoticias.com\/index.php\/wp-json\/wp\/v2\/types\/post"}],"author":[{"embeddable":true,"href":"https:\/\/clicdenoticias.com\/index.php\/wp-json\/wp\/v2\/users\/2"}],"replies":[{"embeddable":true,"href":"https:\/\/clicdenoticias.com\/index.php\/wp-json\/wp\/v2\/comments?post=1633"}],"version-history":[{"count":1,"href":"https:\/\/clicdenoticias.com\/index.php\/wp-json\/wp\/v2\/posts\/1633\/revisions"}],"predecessor-version":[{"id":1635,"href":"https:\/\/clicdenoticias.com\/index.php\/wp-json\/wp\/v2\/posts\/1633\/revisions\/1635"}],"wp:featuredmedia":[{"embeddable":true,"href":"https:\/\/clicdenoticias.com\/index.php\/wp-json\/wp\/v2\/media\/1634"}],"wp:attachment":[{"href":"https:\/\/clicdenoticias.com\/index.php\/wp-json\/wp\/v2\/media?parent=1633"}],"wp:term":[{"taxonomy":"category","embeddable":true,"href":"https:\/\/clicdenoticias.com\/index.php\/wp-json\/wp\/v2\/categories?post=1633"},{"taxonomy":"post_tag","embeddable":true,"href":"https:\/\/clicdenoticias.com\/index.php\/wp-json\/wp\/v2\/tags?post=1633"}],"curies":[{"name":"wp","href":"https:\/\/api.w.org\/{rel}","templated":true}]}}