{"id":16617,"date":"2022-06-08T09:30:18","date_gmt":"2022-06-08T12:30:18","guid":{"rendered":"https:\/\/clicdenoticias.com\/?p=16617"},"modified":"2022-06-08T09:30:19","modified_gmt":"2022-06-08T12:30:19","slug":"en-europa-todos-quieren-a-dybala","status":"publish","type":"post","link":"https:\/\/clicdenoticias.com\/index.php\/2022\/06\/08\/en-europa-todos-quieren-a-dybala\/","title":{"rendered":"EN EUROPA TODOS QUIEREN A DYBALA"},"content":{"rendered":"\n<p><strong>Atl\u00e9tico Madrid se sum\u00f3 al inter\u00e9s por contratar al delantero cordob\u00e9s Paulo Dybala, uno de los m\u00e1s codiciados en el mercado europeo, a pocos d\u00edas de quedarse con el pase en su poder tras ocho temporadas en Juventus de Italia.<\/strong><\/p>\n\n\n\n<p>&nbsp; &nbsp;El club espa\u00f1ol renov\u00f3 su intenci\u00f3n de contratar al atacante, aunque debe competir con el Inter de Mil\u00e1n, uno de los equipos m\u00e1s poderosos de la actualidad, especialmente a nivel econ\u00f3mico.<br>&nbsp;&nbsp; Dybala, de 28 a\u00f1os, est\u00e1 en los planes de Diego Simeone para potenciar la ofensiva de su equipo, tras la salida del uruguayo Luis Su\u00e1rez.<\/p>\n\n\n\n<p>&nbsp;&nbsp; En tanto, el director deportivo del Inter, Giuseppe Marotta se reunir\u00e1 en esta semana con los representantes del cordob\u00e9s para ofrecerle un contrato por cuatro temporadas.<\/p>\n\n\n\n<p>&nbsp;&nbsp; \u00abDybala al Inter? Veremos&#8230;\u00bb, dijo el directivo del club milan\u00e9s, que antes de cerrar al cordob\u00e9s debe desprenderse del chileno Alexis S\u00e1nchez, ya que no est\u00e1 en los planes del entrenador Simone Inzaghi con miras a la pr\u00f3xima temporada.<\/p>\n\n\n\n<p>&nbsp;&nbsp; S\u00e1nchez tiene un a\u00f1o m\u00e1s de contrato, con un salario alto, por lo que la directiva intentar\u00e1 traspasarlo en este mercado ante el inter\u00e9s del Sevilla y del Galatasaray de Turqu\u00eda.<\/p>\n\n\n\n<p>&nbsp;&nbsp; En tanto, Roma no pierde las esperanzas de quedarse con el argentino, quien tambi\u00e9n estar\u00eda en los planes del Manchester United, Tottenham Hotspur y Par\u00eds Saint Germain.<\/p>\n\n\n\n<p>&nbsp;&nbsp; Dybala quedar\u00e1 libre a fines de este mes, tras no haber acordado su renovaci\u00f3n con Juventus, por lo que puede negociar directamente por su cuenta con otro club.<\/p>\n\n\n\n<p>&nbsp;&nbsp; El delantero inici\u00f3 su carrera en Instituto de C\u00f3rdoba, y luego al Palermo de Italia, que en 2015 lo transfiri\u00f3 al equipo turin\u00e9s, con el que gan\u00f3 una docena de t\u00edtulos.<\/p>\n","protected":false},"excerpt":{"rendered":"<p>Atl\u00e9tico Madrid se sum\u00f3 al inter\u00e9s por contratar al delantero cordob\u00e9s Paulo Dybala, uno de los m\u00e1s codiciados en el mercado europeo, a pocos d\u00edas de quedarse con el pase en su poder tras ocho temporadas en Juventus de Italia. &nbsp; &nbsp;El club espa\u00f1ol renov\u00f3 su intenci\u00f3n de contratar al atacante, aunque debe competir con [&hellip;]<\/p>\n","protected":false},"author":2,"featured_media":16618,"comment_status":"open","ping_status":"open","sticky":false,"template":"","format":"standard","meta":{"footnotes":""},"categories":[50],"tags":[],"class_list":["post-16617","post","type-post","status-publish","format-standard","has-post-thumbnail","hentry","category-deportes"],"_links":{"self":[{"href":"https:\/\/clicdenoticias.com\/index.php\/wp-json\/wp\/v2\/posts\/16617","targetHints":{"allow":["GET"]}}],"collection":[{"href":"https:\/\/clicdenoticias.com\/index.php\/wp-json\/wp\/v2\/posts"}],"about":[{"href":"https:\/\/clicdenoticias.com\/index.php\/wp-json\/wp\/v2\/types\/post"}],"author":[{"embeddable":true,"href":"https:\/\/clicdenoticias.com\/index.php\/wp-json\/wp\/v2\/users\/2"}],"replies":[{"embeddable":true,"href":"https:\/\/clicdenoticias.com\/index.php\/wp-json\/wp\/v2\/comments?post=16617"}],"version-history":[{"count":1,"href":"https:\/\/clicdenoticias.com\/index.php\/wp-json\/wp\/v2\/posts\/16617\/revisions"}],"predecessor-version":[{"id":16619,"href":"https:\/\/clicdenoticias.com\/index.php\/wp-json\/wp\/v2\/posts\/16617\/revisions\/16619"}],"wp:featuredmedia":[{"embeddable":true,"href":"https:\/\/clicdenoticias.com\/index.php\/wp-json\/wp\/v2\/media\/16618"}],"wp:attachment":[{"href":"https:\/\/clicdenoticias.com\/index.php\/wp-json\/wp\/v2\/media?parent=16617"}],"wp:term":[{"taxonomy":"category","embeddable":true,"href":"https:\/\/clicdenoticias.com\/index.php\/wp-json\/wp\/v2\/categories?post=16617"},{"taxonomy":"post_tag","embeddable":true,"href":"https:\/\/clicdenoticias.com\/index.php\/wp-json\/wp\/v2\/tags?post=16617"}],"curies":[{"name":"wp","href":"https:\/\/api.w.org\/{rel}","templated":true}]}}