{"id":16623,"date":"2022-06-09T13:25:54","date_gmt":"2022-06-09T16:25:54","guid":{"rendered":"https:\/\/clicdenoticias.com\/?p=16623"},"modified":"2022-06-09T13:25:56","modified_gmt":"2022-06-09T16:25:56","slug":"cristina-kirchner-cuestiono-otra-vez-a-braun-por-la-remarcacion-de-precios-no-era-un-chiste-es-lo-que-hacen-de-verdad","status":"publish","type":"post","link":"https:\/\/clicdenoticias.com\/index.php\/2022\/06\/09\/cristina-kirchner-cuestiono-otra-vez-a-braun-por-la-remarcacion-de-precios-no-era-un-chiste-es-lo-que-hacen-de-verdad\/","title":{"rendered":"CRISTINA KIRCHNER CUESTION\u00d3 OTRA VEZ A BRAUN POR LA REMARCACI\u00d3N DE PRECIOS: \u00abNO ERA UN CHISTE, ES LO QUE HACEN DE VERDAD\u00bb"},"content":{"rendered":"\n<p><strong>La vicepresidenta, Cristina Kirchner, redobl\u00f3 las cr\u00edticas al due\u00f1o de La An\u00f3nima, Federico Braun, y afirm\u00f3 que sus dichos sobre la remarcaci\u00f3n de precios \u00abno era un chiste, es lo que hacen de verdad\u00bb.<\/strong><\/p>\n\n\n\n<p>&nbsp; &nbsp;La titular del Senado replic\u00f3 una nota del diario P\u00e1gina 12 en la que se rese\u00f1aban unas declaraciones del empresario en las que reconoc\u00eda que la hiperinflaci\u00f3n \u00abfue un momento muy positivo\u00bb para la cadena de supermercados patag\u00f3nica.<\/p>\n\n\n\n<p>&nbsp;&nbsp; \u00abPara un supermercado que paga a los 60 d\u00edas y vende al contado, yo dec\u00eda \u00b4no era un rey, era un emperador\u00b4, porque nuestro balance en el 86, 87, 88, con inflaci\u00f3n creciente, fue espectacular\u00bb, afirm\u00f3 Braun en 2008 en declaraciones a la revista Creating Emerging Markets.<\/p>\n\n\n\n<p>&nbsp;&nbsp; A trav\u00e9s de su cuenta de Twitter, la ex mandatario se\u00f1al\u00f3: \u00abLa An\u00f3nima: supermercados e inflaci\u00f3n. Cap\u00edtulo 2\u00bb.<\/p>\n\n\n\n<p>&nbsp;&nbsp; \u00abComparto fragmento de una nota publicada hoy en P\u00e1gina 12.<br>&nbsp;&nbsp;\u00bfVieron? No era un chiste, es lo que hacen de verdad\u00bb, manifest\u00f3 Cristina Kirchner.<\/p>\n\n\n\n<p>&nbsp;&nbsp; Las cr\u00edticas de la vicepresidenta hacia el empresario hab\u00edan surgido luego de que Braun afirmara, en tono de broma, que ante la inflaci\u00f3n \u00abremarcaba precios todos los d\u00edas\u00bb.<\/p>\n\n\n\n<p>&nbsp;&nbsp; \u00abSINCERAMENTE&#8230; Reci\u00e9n, en la Jornada por los 20 a\u00f1os de Asociaci\u00f3n Empresaria Argentina (AEA), el due\u00f1o de una de las cadenas de supermercados m\u00e1s grande del pa\u00eds te cuenta lo que hacen todos los d\u00edas\u00bb, hab\u00eda publicado la ex jefa de Estado.<\/p>\n\n\n\n<p>&nbsp;&nbsp; Ante la pol\u00e9mica generada, el due\u00f1o de La An\u00f3nima respondi\u00f3: \u00abFue un chiste. Si no lo entendi\u00f3&#8230;\u00bb.<\/p>\n\n\n\n<p>&nbsp;&nbsp; \u00abEs ins\u00f3lito es que todav\u00eda siguen creyendo en los controles de precios. Nosotros decimos que no somos formadores de precios, es una peque\u00f1a mentira, porque somos formadores de una parte del precio. Pero en realidad trasladamos como podemos trasladar\u00bb, se hab\u00eda quejado el empresario en declaraciones a C5N.<\/p>\n","protected":false},"excerpt":{"rendered":"<p>La vicepresidenta, Cristina Kirchner, redobl\u00f3 las cr\u00edticas al due\u00f1o de La An\u00f3nima, Federico Braun, y afirm\u00f3 que sus dichos sobre la remarcaci\u00f3n de precios \u00abno era un chiste, es lo que hacen de verdad\u00bb. &nbsp; &nbsp;La titular del Senado replic\u00f3 una nota del diario P\u00e1gina 12 en la que se rese\u00f1aban unas declaraciones del empresario [&hellip;]<\/p>\n","protected":false},"author":2,"featured_media":16624,"comment_status":"open","ping_status":"open","sticky":false,"template":"","format":"standard","meta":{"footnotes":""},"categories":[43],"tags":[48],"class_list":["post-16623","post","type-post","status-publish","format-standard","has-post-thumbnail","hentry","category-politica","tag-destacada"],"_links":{"self":[{"href":"https:\/\/clicdenoticias.com\/index.php\/wp-json\/wp\/v2\/posts\/16623","targetHints":{"allow":["GET"]}}],"collection":[{"href":"https:\/\/clicdenoticias.com\/index.php\/wp-json\/wp\/v2\/posts"}],"about":[{"href":"https:\/\/clicdenoticias.com\/index.php\/wp-json\/wp\/v2\/types\/post"}],"author":[{"embeddable":true,"href":"https:\/\/clicdenoticias.com\/index.php\/wp-json\/wp\/v2\/users\/2"}],"replies":[{"embeddable":true,"href":"https:\/\/clicdenoticias.com\/index.php\/wp-json\/wp\/v2\/comments?post=16623"}],"version-history":[{"count":1,"href":"https:\/\/clicdenoticias.com\/index.php\/wp-json\/wp\/v2\/posts\/16623\/revisions"}],"predecessor-version":[{"id":16625,"href":"https:\/\/clicdenoticias.com\/index.php\/wp-json\/wp\/v2\/posts\/16623\/revisions\/16625"}],"wp:featuredmedia":[{"embeddable":true,"href":"https:\/\/clicdenoticias.com\/index.php\/wp-json\/wp\/v2\/media\/16624"}],"wp:attachment":[{"href":"https:\/\/clicdenoticias.com\/index.php\/wp-json\/wp\/v2\/media?parent=16623"}],"wp:term":[{"taxonomy":"category","embeddable":true,"href":"https:\/\/clicdenoticias.com\/index.php\/wp-json\/wp\/v2\/categories?post=16623"},{"taxonomy":"post_tag","embeddable":true,"href":"https:\/\/clicdenoticias.com\/index.php\/wp-json\/wp\/v2\/tags?post=16623"}],"curies":[{"name":"wp","href":"https:\/\/api.w.org\/{rel}","templated":true}]}}