{"id":16652,"date":"2022-06-09T07:39:00","date_gmt":"2022-06-09T10:39:00","guid":{"rendered":"https:\/\/clicdenoticias.com\/?p=16652"},"modified":"2022-06-09T15:45:58","modified_gmt":"2022-06-09T18:45:58","slug":"presion-oficial-sobre-los-intendentes-para-que-cedan-terrenos-para-planes-de-vivienda","status":"publish","type":"post","link":"https:\/\/clicdenoticias.com\/index.php\/2022\/06\/09\/presion-oficial-sobre-los-intendentes-para-que-cedan-terrenos-para-planes-de-vivienda\/","title":{"rendered":"PRESI\u00d3N OFICIAL SOBRE LOS INTENDENTES PARA  QUE CEDAN TERRENOS PARA PLANES DE VIVIENDA"},"content":{"rendered":"\n<p><strong>\u00bfQu\u00e9 hay detr\u00e1s de esta escalada de reclamos?<\/strong> <\/p>\n\n\n\n<p><strong>\u00bfQu\u00e9 hay detr\u00e1s de esta escalada de reclamos? <\/strong>Primero fue el titular de la&nbsp;secretar\u00eda de Desarrollo Territorial del Ministerio de Desarrollo Territorial y H\u00e1bitat,&nbsp;<strong>Luciano Scatolini<\/strong>, quien apunt\u00f3 directamente al gobierno municipal de General Pueyrredon:&nbsp;\u201cLe dejamos el desaf\u00edo al intendente Guillermo Montenegro, necesitamos el acompa\u00f1amiento local para coordinar y generar m\u00e1s terrenos y loteos en Mar del Plata\u201d.<\/p>\n\n\n\n<p><strong><em>Por Pablo Portaluppi, Mendoza Today<\/em><\/strong><\/p>\n\n\n\n<p>Luego se sumaron voces desde el bloque de concejales del Frente de Todos, que le solicitaron&nbsp;al Ejecutivo local que adhiera al&nbsp;<strong>Plan Nacional de Suelo Urbano<\/strong>, con el objetivo de disponer de m\u00e1s lotes y terrenos que puedan incluirse en futuros sorteos del&nbsp;Plan Procrear.<\/p>\n\n\n\n<p>La pregunta se impone: \u00bfQu\u00e9 hay detr\u00e1s de esta escalada de reclamos? Es cierto que los lotes escasean y el pa\u00eds, y en especial la provincia de Buenos Aires, sufre un alarmante d\u00e9ficit habitacional, que seg\u00fan el censo 2010, alcanza a 3,6 millones de familias. En Mar del Plata, en concreto, la oferta de terrenos para la nueva etapa del Procrear es baja: apenas 57. Pero hay algunas cuestiones que llaman la atenci\u00f3n.<\/p>\n\n\n\n<p>En las \u00faltimas horas, la concejal kirchnerista<strong>&nbsp;Sol de la Torre<\/strong>&nbsp;present\u00f3 en el HCD del distrito un proyecto de comunicaci\u00f3n a trav\u00e9s del cual le solicita al Departamento Ejecutivo que se incorpore al Plan Nacional de Suelo Urbano, creado por Resoluci\u00f3n 19\/2020 del Ministerio de Desarrollo Territorial y H\u00e1bitat de la Naci\u00f3n.<\/p>\n\n\n\n<p>La edil del Frente de Todos, que tiene cada vez m\u00e1s ascendiente entre sus pares, se\u00f1al\u00f3 que la problem\u00e1tica del acceso a tierra y vivienda digna en la ciudad&nbsp;\u201crepresenta un d\u00e9ficit estructural\u201d&nbsp;que requiere&nbsp;\u201cdistintos tipos de pol\u00edticas en funci\u00f3n de los diversos y variados obst\u00e1culos que las familias deben transitar al momento de intentar acceder al derecho a una vivienda digna\u201d.<\/p>\n\n\n\n<p>Tambi\u00e9n tiene su lugar en el Concejo Deliberante, dentro del mismo espacio,&nbsp;Rodolfo Tata Gandolfi, dirigente del Movimiento Evita. Y es una voz muy escuchada.<\/p>\n\n\n\n<p><strong>Sol de la Torre est\u00e1 muy vinculada al dirigente social Juan Grabois<\/strong>, y fue funcionaria de la Secretar\u00eda de Agricultura Familiar de la Naci\u00f3n. Grabois milita en la&nbsp;Confederaci\u00f3n de Trabajadores de la Econom\u00eda Popular (CTEP), donde tambi\u00e9n est\u00e1 Emilio P\u00e9rsico, del&nbsp;Evita, promueve una reforma agraria y supo decir, para fomentar el acceso a la vivienda, que \u201cla soluci\u00f3n&nbsp;m\u00e1s inteligente es lotear la tierra, ponerle agua, luz y cloaca&nbsp;y darle a la gente para que se haga su casa\u201d.<\/p>\n\n\n\n<p>Amigo del papa Francisco, con quien estuvo muy ligado all\u00e1 por el a\u00f1o 2010, Grabois tambi\u00e9n<strong>&nbsp;c<\/strong>re\u00f3 el Proyecto Artigas, desde d\u00f3nde plante\u00f3 la necesidad de avanzar con una agricultura familiar que haga un uso responsable del medio ambiente. A su vez, el dirigente tiene cada vez m\u00e1s arraigo en Mar del Plata.<\/p>\n\n\n\n<p>El discurso de Bergoglio aqu\u00ed juega un rol fundamental.<\/p>\n\n\n\n<p>Hace poco tiempo, en la apertura de la cent\u00e9simo novena Conferencia Internacional del Trabajo, pronunci\u00f3 una frase temeraria, pero que expresa claramente su pensamiento m\u00e1s profundo. \u201c<strong>La propiedad privada es un derecho secundario que depende un derecho primario entendido como \u201cel destino universal de los bienes\u201d<\/strong>.<\/p>\n\n\n\n<p>Y aqu\u00ed comienza a surgir la l\u00ednea que une a Grabois con&nbsp;<strong>Fernanda Raverta,<\/strong>&nbsp;que maneja la caja m\u00e1s codiciada de la pol\u00edtica: la ANSES.<\/p>\n\n\n\n<p>La hija del ex montonero Mario Montoto perdi\u00f3 por apenas 9.700 votos en la elecci\u00f3n de 2019 contra el actual jefe comunal de General Pueyrredon, y mantiene grandes esperanzas de lograr ocupar en 2023 la tan esquiva intendencia para el peronismo.<\/p>\n\n\n\n<p>En la ciudad se invierten mensualmente desde ANSES, en concepto de jubilaciones, pensiones, asignaciones, complemento para el salario familiar, Programa Alimentar, Complemento Leche, otras prestaciones y Repro II, la suma de&nbsp;<strong>8.755,5 millones de pesos.<\/strong>&nbsp;No es poco.<\/p>\n\n\n\n<p><strong>El&nbsp;Presupuesto 2022&nbsp;del municipio asciende a $36.637 millones. Es decir, lo que vuelca la ANSES a la ciudad representa casi el 24% de sus ingresos totales<\/strong>. A eso hay que sumarle lo que llega desde el Procrear y los fondos recibidos por los movimientos sociales.<\/p>\n\n\n\n<p>Raverta suele mostrarse en p\u00fablico con el mencionado Luciano Scatolini, el elegido del gobierno para manejar las pol\u00edticas habitacionales.<\/p>\n\n\n\n<p><strong>Scatolini,&nbsp;<\/strong>antes de acceder a la secretar\u00eda de Desarrollo Territorial,fue Subsecretario de Pol\u00edtica de Suelo y Urbanismo, Escribano General de Gobierno de la&nbsp;provincia de Buenos Aires&nbsp;y Director Nacional del ProCreAr.&nbsp;No es un improvisado y tiene un pasado que lo vincula con la militancia de los setenta: sus padres estuvieron detenidos durante la \u00faltima dictadura. Adem\u00e1s, su padre fue el primer Director de Derechos Humanos bonaerense.<\/p>\n\n\n\n<p><strong>Lo que el kirchnerismo le reprocha a Guillermo Montenegro, y a varios intendentes de la oposici\u00f3n, es que no hayan adherido sus municipios a los diferentes planes de vivienda<\/strong>. Pero en especial a uno: al mencionado Plan Nacional de Suelo Urbano, dependiente del Ministerio de Desarrollo Territorial y H\u00e1bitat que conduce Jorge Ferraresi, que manej\u00f3 un presupuesto en 2021 de $300.000 millones.<\/p>\n\n\n\n<p>Creado el 8 de mayo de 2020, en plena cuarentena por el coronavirus, a trav\u00e9s de la Resoluci\u00f3n 19\/2020, dicho programa&nbsp;\u201cest\u00e1 destinado al financiamiento y apoyo para la generaci\u00f3n de lotes con servicios y los instrumentos legales que sean necesarios para favorecer la producci\u00f3n de suelo urbanizado\u201d,&nbsp;en palabras oficiales.<\/p>\n\n\n\n<p>En off, desde el gobierno bonaerense sostienen que el plan busca la&nbsp;\u201cproducci\u00f3n de suelo junto a una regulaci\u00f3n del mercado inmobiliario y el fortalecimiento de pol\u00edticas de gesti\u00f3n y planificaci\u00f3n por parte de las provincias y los municipios\u201d.<\/p>\n\n\n\n<p>Quien est\u00e1 a cargo del plan es Luciano Scatolini, que adem\u00e1s es autor de la&nbsp;<strong>\u201cley de H\u00e1bitat\u201d<\/strong>&nbsp;en la provincia de Buenos Aires.<\/p>\n\n\n\n<p>Sancionada el 29 de noviembre de 2012, la norma 14.449 se propone \u201cla promoci\u00f3n del derecho a la vivienda y a un h\u00e1bitat digno y sustentable, conforme lo establece la Constituci\u00f3n de la Provincia de Buenos Aires\u201d. Como as\u00ed tambi\u00e9n \u201cproveer suelo urbanizable en centros urbanos y zonas rurales\u201d.<\/p>\n\n\n\n<p>En su art\u00edculo 5, define las responsabilidades: \u201cEl Estado Provincial ser\u00e1 el encargado de la ejecuci\u00f3n de las pol\u00edticas necesarias para la satisfacci\u00f3n progresiva del derecho a una vivienda y a un h\u00e1bitat digno,&nbsp;<strong>incluyendo la participaci\u00f3n de los Gobiernos Municipales y de las Organizaciones no Gubernamentales sin fines de lucro<\/strong>&nbsp;que en su objeto social propendan al fomento de dichos objetivos y la iniciativa privada, teniendo prioritariamente en cuenta las demandas sociales de la poblaci\u00f3n\u201d.<\/p>\n","protected":false},"excerpt":{"rendered":"<p>\u00bfQu\u00e9 hay detr\u00e1s de esta escalada de reclamos? \u00bfQu\u00e9 hay detr\u00e1s de esta escalada de reclamos? Primero fue el titular de la&nbsp;secretar\u00eda de Desarrollo Territorial del Ministerio de Desarrollo Territorial y H\u00e1bitat,&nbsp;Luciano Scatolini, quien apunt\u00f3 directamente al gobierno municipal de General Pueyrredon:&nbsp;\u201cLe dejamos el desaf\u00edo al intendente Guillermo Montenegro, necesitamos el acompa\u00f1amiento local para coordinar [&hellip;]<\/p>\n","protected":false},"author":2,"featured_media":16653,"comment_status":"open","ping_status":"open","sticky":false,"template":"","format":"standard","meta":{"footnotes":""},"categories":[43],"tags":[],"class_list":["post-16652","post","type-post","status-publish","format-standard","has-post-thumbnail","hentry","category-politica"],"_links":{"self":[{"href":"https:\/\/clicdenoticias.com\/index.php\/wp-json\/wp\/v2\/posts\/16652","targetHints":{"allow":["GET"]}}],"collection":[{"href":"https:\/\/clicdenoticias.com\/index.php\/wp-json\/wp\/v2\/posts"}],"about":[{"href":"https:\/\/clicdenoticias.com\/index.php\/wp-json\/wp\/v2\/types\/post"}],"author":[{"embeddable":true,"href":"https:\/\/clicdenoticias.com\/index.php\/wp-json\/wp\/v2\/users\/2"}],"replies":[{"embeddable":true,"href":"https:\/\/clicdenoticias.com\/index.php\/wp-json\/wp\/v2\/comments?post=16652"}],"version-history":[{"count":1,"href":"https:\/\/clicdenoticias.com\/index.php\/wp-json\/wp\/v2\/posts\/16652\/revisions"}],"predecessor-version":[{"id":16654,"href":"https:\/\/clicdenoticias.com\/index.php\/wp-json\/wp\/v2\/posts\/16652\/revisions\/16654"}],"wp:featuredmedia":[{"embeddable":true,"href":"https:\/\/clicdenoticias.com\/index.php\/wp-json\/wp\/v2\/media\/16653"}],"wp:attachment":[{"href":"https:\/\/clicdenoticias.com\/index.php\/wp-json\/wp\/v2\/media?parent=16652"}],"wp:term":[{"taxonomy":"category","embeddable":true,"href":"https:\/\/clicdenoticias.com\/index.php\/wp-json\/wp\/v2\/categories?post=16652"},{"taxonomy":"post_tag","embeddable":true,"href":"https:\/\/clicdenoticias.com\/index.php\/wp-json\/wp\/v2\/tags?post=16652"}],"curies":[{"name":"wp","href":"https:\/\/api.w.org\/{rel}","templated":true}]}}