{"id":16844,"date":"2022-06-14T14:08:03","date_gmt":"2022-06-14T17:08:03","guid":{"rendered":"https:\/\/clicdenoticias.com\/?p=16844"},"modified":"2022-06-14T14:08:03","modified_gmt":"2022-06-14T17:08:03","slug":"el-reino-unido-recordo-el-final-de-la-guerra-de-malvinas-y-ratifico-el-derecho-de-los-kelpers-a-la-autodeterminacion","status":"publish","type":"post","link":"https:\/\/clicdenoticias.com\/index.php\/2022\/06\/14\/el-reino-unido-recordo-el-final-de-la-guerra-de-malvinas-y-ratifico-el-derecho-de-los-kelpers-a-la-autodeterminacion\/","title":{"rendered":"EL REINO UNIDO RECORD\u00d3 EL FINAL DE LA GUERRA DE MALVINAS Y RATIFIC\u00d3 EL DERECHO DE LOS KELPERS A LA AUTODETERMINACI\u00d3N"},"content":{"rendered":"\n<p><strong>A 40 a\u00f1os de la rendici\u00f3n de las tropas argentinas en la Guerra de Malvinas, el Reino Unido ratific\u00f3 su defensa al derecho de los kelpers a la autodeterminaci\u00f3n y remarc\u00f3 que siempre enfrentar\u00e1 \u00aba las amenazas a la libertad y la soberan\u00eda\u00bb del archipi\u00e9lago del Atl\u00e1ntico Sur.<\/strong><\/p>\n\n\n\n<p>&nbsp; &nbsp;Cuatro d\u00e9cadas atr\u00e1s, el gobernador militar de las Islas Malvinas, Mario Benjam\u00edn Men\u00e9ndez, firm\u00f3 ante el general Jeremy Moore la capitulaci\u00f3n que puso fin al conflicto b\u00e9lico que se hab\u00eda iniciado el 2 de abril de 1982 con el desembarco de las tropas argentinas.<\/p>\n\n\n\n<p>&nbsp;&nbsp; Ante el destacado aniversario, el Gobierno brit\u00e1nico record\u00f3 el \u00abbravo sacrificio\u00bb de las Fuerzas Armadas del Reino Unido para \u00abdefender el derecho de los isle\u00f1os a decidir sobre su propio futuro\u00bb.<\/p>\n\n\n\n<p>&nbsp;&nbsp; \u00abSiempre rechazaremos las amenazas hechas a la libertad, la soberan\u00eda y la autodeterminaci\u00f3n\u00bb, se\u00f1al\u00f3 la canciller brit\u00e1nica, Liz Truss.<\/p>\n\n\n\n<p>&nbsp;&nbsp; A trav\u00e9s de un video publicado en su cuenta de Twitter, la titular del Foreign Office cuestion\u00f3<\/p>\n\n\n\n<p>\u00abcualquier duda respecto al derecho a la autodeterminaci\u00f3n de las Falkland (Malvinas)\u00bb y remarc\u00f3: \u00abEnfrentaremos a todos aquellos que menosprecien ese derecho\u00bb.<\/p>\n\n\n\n<p>&nbsp;&nbsp; \u00abMientras algunos discuten sobre el pasado, nosotros nos enfocamos en el futuro\u00bb del archipi\u00e9lago del Atl\u00e1ntico Sur, subray\u00f3 Truss, con motivo del denominado \u00abLiberation Day\u00bb (D\u00eda de la Liberaci\u00f3n).<\/p>\n\n\n\n<p>&nbsp;&nbsp; Y concluy\u00f3: \u00abNos levantamos para defender el derecho a la autodeterminaci\u00f3n de las Falkland (Malvinas) antes y nunca dudaremos en hacerlo de nuevo\u00bb.<\/p>\n\n\n\n<p>&nbsp;&nbsp; El mensaje de la encargada del Foreing Office fue replicado en la red social por el primer ministro brit\u00e1nico, Boris Johnson. La oficina del 10 de Downing Street tuite\u00f3 al respecto: \u00ab\u00b4Ellos murieron para que otros pudieran vivir con libertad y justicia\u00b4 En este d\u00eda en 1982 la primera ministra Margaret Thatcher anunci\u00f3 la rendici\u00f3n de las Fuerzas argentinas en las Falkland (Malvinas)\u00bb.<\/p>\n","protected":false},"excerpt":{"rendered":"<p>A 40 a\u00f1os de la rendici\u00f3n de las tropas argentinas en la Guerra de Malvinas, el Reino Unido ratific\u00f3 su defensa al derecho de los kelpers a la autodeterminaci\u00f3n y remarc\u00f3 que siempre enfrentar\u00e1 \u00aba las amenazas a la libertad y la soberan\u00eda\u00bb del archipi\u00e9lago del Atl\u00e1ntico Sur. &nbsp; &nbsp;Cuatro d\u00e9cadas atr\u00e1s, el gobernador militar [&hellip;]<\/p>\n","protected":false},"author":2,"featured_media":16845,"comment_status":"open","ping_status":"open","sticky":false,"template":"","format":"standard","meta":{"footnotes":""},"categories":[43],"tags":[],"class_list":["post-16844","post","type-post","status-publish","format-standard","has-post-thumbnail","hentry","category-politica"],"_links":{"self":[{"href":"https:\/\/clicdenoticias.com\/index.php\/wp-json\/wp\/v2\/posts\/16844","targetHints":{"allow":["GET"]}}],"collection":[{"href":"https:\/\/clicdenoticias.com\/index.php\/wp-json\/wp\/v2\/posts"}],"about":[{"href":"https:\/\/clicdenoticias.com\/index.php\/wp-json\/wp\/v2\/types\/post"}],"author":[{"embeddable":true,"href":"https:\/\/clicdenoticias.com\/index.php\/wp-json\/wp\/v2\/users\/2"}],"replies":[{"embeddable":true,"href":"https:\/\/clicdenoticias.com\/index.php\/wp-json\/wp\/v2\/comments?post=16844"}],"version-history":[{"count":1,"href":"https:\/\/clicdenoticias.com\/index.php\/wp-json\/wp\/v2\/posts\/16844\/revisions"}],"predecessor-version":[{"id":16846,"href":"https:\/\/clicdenoticias.com\/index.php\/wp-json\/wp\/v2\/posts\/16844\/revisions\/16846"}],"wp:featuredmedia":[{"embeddable":true,"href":"https:\/\/clicdenoticias.com\/index.php\/wp-json\/wp\/v2\/media\/16845"}],"wp:attachment":[{"href":"https:\/\/clicdenoticias.com\/index.php\/wp-json\/wp\/v2\/media?parent=16844"}],"wp:term":[{"taxonomy":"category","embeddable":true,"href":"https:\/\/clicdenoticias.com\/index.php\/wp-json\/wp\/v2\/categories?post=16844"},{"taxonomy":"post_tag","embeddable":true,"href":"https:\/\/clicdenoticias.com\/index.php\/wp-json\/wp\/v2\/tags?post=16844"}],"curies":[{"name":"wp","href":"https:\/\/api.w.org\/{rel}","templated":true}]}}