{"id":16883,"date":"2022-06-15T10:08:41","date_gmt":"2022-06-15T13:08:41","guid":{"rendered":"https:\/\/clicdenoticias.com\/?p=16883"},"modified":"2022-06-15T10:08:41","modified_gmt":"2022-06-15T13:08:41","slug":"morales-en-canada-hay-que-romper-con-la-mirada-de-solo-pensar-en-las-cosas-para-gobernar-cuatro-anos","status":"publish","type":"post","link":"https:\/\/clicdenoticias.com\/index.php\/2022\/06\/15\/morales-en-canada-hay-que-romper-con-la-mirada-de-solo-pensar-en-las-cosas-para-gobernar-cuatro-anos\/","title":{"rendered":"MORALES EN CANAD\u00c1: \u00abHAY QUE ROMPER CON LA MIRADA DE SOLO PENSAR EN LAS COSAS PARA GOBERNAR CUATRO A\u00d1OS\u00bb"},"content":{"rendered":"\n<p><strong>El gobernador de Jujuy y presidente de la UCR, Gerardo Morales, afirm\u00f3 que en el pa\u00eds se debe \u00abromper con la mirada de solo pensar en las cosas para gobernar cuatro a\u00f1o\u00bb, porque -seg\u00fan dijo- solo as\u00ed se podr\u00e1 avanzar.<\/strong><\/p>\n\n\n\n<p>&nbsp; &nbsp;El titular del radicalismo se expres\u00f3 as\u00ed al cerrar en Toronto, Canad\u00e1, \u00abJujuy Verde &#8211; Oportunidades de inversiones en miner\u00eda\u00bb, una presentaci\u00f3n especial realizada en el marco de la PDAC 2022, el mayor congreso minero a nivel mundial.<\/p>\n\n\n\n<p>&nbsp;&nbsp; \u00abEn Jujuy hemos definido el concepto de Jujuy provincia verde, y creo que este desaf\u00edo que abrazamos es tambi\u00e9n un desaf\u00edo para la Rep\u00fablica Argentina. Estoy convencido que tenemos &nbsp;un potencial enorme en la geolog\u00eda, y que eso que ocurre en Jujuy ocurre en toda la Rep\u00fablica Argentina. El potencial de la Rep\u00fablica Argentina en cuanto al desarrollo minero es tremendo\u00bb, resalt\u00f3 Morales.<\/p>\n\n\n\n<p>&nbsp;&nbsp; \u00abTenemos un mundo que va hacia un gran cambio, creo que se han destrabado los escollos que hab\u00eda para el cambio de la matriz de energ\u00eda en el mundo, vivimos en un mundo de grandes transformaciones, y la provincia de Jujuy, y la Rep\u00fablica Argentina van a ser parte central de los desaf\u00edos y los desarrollos que vienen, si es que obviamente tomamos la decisi\u00f3n de ser parte\u00bb, consider\u00f3 el gobernador.<\/p>\n\n\n\n<p>&nbsp;&nbsp; El jefe de la UCR sostuvo que \u00abel cambio de la matriz energ\u00e9tica en el mundo va a impulsar fuertemente el desarrollo de los minerales cr\u00edticos\u00bb.<\/p>\n\n\n\n<p>&nbsp;&nbsp; \u00abEl litio, el cobalto, el zinc, el cobre, el n\u00edquel, entro otros que son centrales para esta transformaci\u00f3n. Hay tambi\u00e9n una ventana para hidrocarburos, y una un poco m\u00e1s larga para el gas, y en eso estoy convencido que nuestro pa\u00eds est\u00e1 subexplotado, y las empresas no est\u00e1n invirtiendo porque no estamos realizando las obras de infraestructura que hay que hacer para cambiar la matriz\u00bb, se\u00f1al\u00f3 Morales.<\/p>\n\n\n\n<p>&nbsp;&nbsp;&nbsp; &nbsp;\u00abMirando los pr\u00f3ximos 10 a\u00f1os la Rep\u00fablica Argentina se puede ubicar en un lugar de privilegio, pero hay que terminar con el gasoducto, las cosas fuleras, las sospechas hay que ponerlas al costado y tenemos que seguir\u00bb, indic\u00f3.<\/p>\n\n\n\n<p>&nbsp;&nbsp; Durante el evento, Morales expres\u00f3: \u00abTenemos que poner en marcha en lo inmediato un masterplan de inversiones en materia de energ\u00eda, del que ni siquiera vamos a ver sus resultados con el pr\u00f3ximo gobierno, lo ver\u00e1 el que se haga cargo en 2027. Solo en el Norte Grande tenemos un plan de inversiones de 33 mil millones de d\u00f3lares para los pr\u00f3ximos 10 a\u00f1os, lo que nos dar\u00eda una capacidad de producci\u00f3n con las &nbsp;mismas ventajas que hoy tiene el \u00e1rea metropolitana\u00bb.<\/p>\n\n\n\n<p>&nbsp;&nbsp; \u00abVamos a terminar fabricando bater\u00edas de litio en la Rep\u00fablica Argentina, y si a eso le agregamos el Hidr\u00f3geno Verde, somos una de las tres regiones del mundo que podemos producir hidr\u00f3geno verde a menor costo, podemos ser en el futuro la Arabia Saudita de la producci\u00f3n del hidr\u00f3geno verde al mundo. &nbsp;Esta es la visi\u00f3n y el pensamiento que tenemos para la provincia de Jujuy, que es la que tenemos para la Rep\u00fablica Argentina en esta materia: hoy la Argentina va a ocupar un rol central ante la demanda que tiene el mundo en esta transici\u00f3n energ\u00e9tica\u00bb, subray\u00f3 el gobernador juje\u00f1o.<\/p>\n\n\n\n<p>&nbsp;&nbsp; Y agreg\u00f3: \u00abEsta es la agenda que tiene que abrazar la rep\u00fablica Argentina, porque nos va a permitir pensar de otra manera y ah\u00ed vamos a estar en condiciones de resolver el tema de la inflaci\u00f3n definitivamente, y tambi\u00e9n de resolver el tema del equilibrio fiscal definitivamente\u00bb.<\/p>\n\n\n\n<p>&nbsp;&nbsp; Asimismo, Morales remarc\u00f3: \u00abFrente a las malas noticias de la coyuntura que nos agobian, hay que pensar el futuro con una l\u00f3gica no cortoplacista, ni siquiera pensando en cu\u00e1les ser\u00e1n los beneficios del gobierno que se haga cargo en 2023, porque todas las inversiones que empecemos ahora tendr\u00e1n impacto en 2027. El d\u00eda que rompamos con la mirada de solo pensar en las cosas para gobernar 4 a\u00f1os, ese d\u00eda vamos a ser otro pa\u00eds\u00bb.<\/p>\n\n\n\n<p>&nbsp;&nbsp; El mandatario juje\u00f1o, que estar\u00e1 en Toronto hasta el pr\u00f3ximo mi\u00e9rcoles, forma parte de la delegaci\u00f3n argentina en PDAC 2022 junto a los gobernadores de Catamarca, Ra\u00fal Jalil; de Salta, Gustavo S\u00e1enz; de San Juan, Sergio U\u00f1ac; de Santa Cruz, Alicia Kirchner y de Mendoza, Rodolfo Su\u00e1rez, adem\u00e1s del ministro de Econom\u00eda, Mart\u00edn Guzm\u00e1n, quien participa de la PDAC de forma virtual, y la secretaria de Miner\u00eda, Fernanda \u00c1vila.<\/p>\n","protected":false},"excerpt":{"rendered":"<p>El gobernador de Jujuy y presidente de la UCR, Gerardo Morales, afirm\u00f3 que en el pa\u00eds se debe \u00abromper con la mirada de solo pensar en las cosas para gobernar cuatro a\u00f1o\u00bb, porque -seg\u00fan dijo- solo as\u00ed se podr\u00e1 avanzar. &nbsp; &nbsp;El titular del radicalismo se expres\u00f3 as\u00ed al cerrar en Toronto, Canad\u00e1, \u00abJujuy Verde [&hellip;]<\/p>\n","protected":false},"author":2,"featured_media":16884,"comment_status":"open","ping_status":"open","sticky":false,"template":"","format":"standard","meta":{"footnotes":""},"categories":[43],"tags":[],"class_list":["post-16883","post","type-post","status-publish","format-standard","has-post-thumbnail","hentry","category-politica"],"_links":{"self":[{"href":"https:\/\/clicdenoticias.com\/index.php\/wp-json\/wp\/v2\/posts\/16883","targetHints":{"allow":["GET"]}}],"collection":[{"href":"https:\/\/clicdenoticias.com\/index.php\/wp-json\/wp\/v2\/posts"}],"about":[{"href":"https:\/\/clicdenoticias.com\/index.php\/wp-json\/wp\/v2\/types\/post"}],"author":[{"embeddable":true,"href":"https:\/\/clicdenoticias.com\/index.php\/wp-json\/wp\/v2\/users\/2"}],"replies":[{"embeddable":true,"href":"https:\/\/clicdenoticias.com\/index.php\/wp-json\/wp\/v2\/comments?post=16883"}],"version-history":[{"count":1,"href":"https:\/\/clicdenoticias.com\/index.php\/wp-json\/wp\/v2\/posts\/16883\/revisions"}],"predecessor-version":[{"id":16885,"href":"https:\/\/clicdenoticias.com\/index.php\/wp-json\/wp\/v2\/posts\/16883\/revisions\/16885"}],"wp:featuredmedia":[{"embeddable":true,"href":"https:\/\/clicdenoticias.com\/index.php\/wp-json\/wp\/v2\/media\/16884"}],"wp:attachment":[{"href":"https:\/\/clicdenoticias.com\/index.php\/wp-json\/wp\/v2\/media?parent=16883"}],"wp:term":[{"taxonomy":"category","embeddable":true,"href":"https:\/\/clicdenoticias.com\/index.php\/wp-json\/wp\/v2\/categories?post=16883"},{"taxonomy":"post_tag","embeddable":true,"href":"https:\/\/clicdenoticias.com\/index.php\/wp-json\/wp\/v2\/tags?post=16883"}],"curies":[{"name":"wp","href":"https:\/\/api.w.org\/{rel}","templated":true}]}}