{"id":17209,"date":"2022-06-24T10:36:55","date_gmt":"2022-06-24T13:36:55","guid":{"rendered":"https:\/\/clicdenoticias.com\/?p=17209"},"modified":"2022-06-24T10:36:56","modified_gmt":"2022-06-24T13:36:56","slug":"alberto-fernandez-pidio-la-incorporacion-de-la-argentina-al-brics-como-miembro-pleno-y-reclamo-cambios-en-el-fmi","status":"publish","type":"post","link":"https:\/\/clicdenoticias.com\/index.php\/2022\/06\/24\/alberto-fernandez-pidio-la-incorporacion-de-la-argentina-al-brics-como-miembro-pleno-y-reclamo-cambios-en-el-fmi\/","title":{"rendered":"ALBERTO FERN\u00c1NDEZ PIDI\u00d3 LA INCORPORACI\u00d3N DE LA ARGENTINA AL BRICS COMO \u00abMIEMBRO PLENO\u00bb Y RECLAM\u00d3 CAMBIOS EN EL FMI"},"content":{"rendered":"\n<p>El presidente Alberto Fern\u00e1ndez pidi\u00f3 a los BRICS, el bloque de pa\u00edses en desarrollo, que incorpore a la Argentina como miembro pleno para poder sumarse a la discusi\u00f3n de una \u00abagenda de futuro\u00bb y reclam\u00f3 cambios en la forma en que se asignan los Derechos Especiales de Giro (DEG\u00b4s) del Fondo Monetario Internacional (FMI).<br>\u00a0\u00a0 \u00abEstamos honrados por la invitaci\u00f3n a esta reuni\u00f3n ampliada de los BRICS. Aspiramos a ser miembros plenos de este grupo de naciones que ya representa el 42% de la poblaci\u00f3n mundial y el 24% del producto bruto global\u00bb, sostuvo el mandatario.<br>\u00a0\u00a0 Al participar de manera virtual en la XIV Cumbre de los BRICS, el jefe de Estado destac\u00f3 que el bloque integrado por Brasil, Rusia, India, China y Sud\u00e1frica \u00abconstituye una plataforma con enormes capacidades para discutir e implementar una agenda de futuro que lleve hacia un tiempo mejor y m\u00e1s justo\u00bb.<br>\u00a0\u00a0 \u00abLa Argentina quiere sumarse a ese espacio y brindar sus aportes como integrante del mismo\u00bb, insisti\u00f3 Alberto Fern\u00e1ndez.<br>\u00a0\u00a0 Adem\u00e1s de los pa\u00edses que dan nombre al bloque, tambi\u00e9n formaron parte de la reuni\u00f3n los mandatarios de Argelia, Abdelmadjid Tebboune; de Egipto, Abdel Fattah El-Sisi; de Indonesia, Joko Widodo; de Kazajst\u00e1n, Kassym-Jomart Tokayev; de Senegal, Macky Sall; de Uzbekist\u00e1n, Shavkat Mirziyoyev; de Camboya, Hun Sen; de Etiop\u00eda, Abiy Ahmed Ali; de Fiji, Josaia Qoreque Bainimarama; de Malasia, Ismail Sabri Yaakob; y de Tailandia, Prayut Chan-o-Cha.<br>\u00a0\u00a0 Ante los jefes de Estado, Alberto Fern\u00e1ndez propuso \u00abacordar una agenda com\u00fan\u00bb que le permita a este grupo de pa\u00edses transmitir sus \u00abinquietudes con mayor eficacia en la pr\u00f3xima reuni\u00f3n del G20\u00bb, que se realizar\u00e1 en Indonesia en noviembre pr\u00f3ximo. .<br>\u00a0\u00a0 Asimismo, destac\u00f3 que \u00abel peso institucional y econ\u00f3mico de los BRICS puede convertirse en un factor de estabilidad financiera\u00bb y consider\u00f3 que \u00abla expansi\u00f3n de su Nuevo Banco de Desarrollo puede ser un instrumento \u00fatil para fortalecer las infraestructuras nacionales\u00bb.<br>\u00a0\u00a0 \u00abYa es hora de que exploremos mecanismos de cooperaci\u00f3n, como el swap de monedas que la Argentina suscribi\u00f3 con China. Ya es hora de promover la creaci\u00f3n de una Agencia Calificadora del Riesgo Internacional, que ponga en manos p\u00fablicas lo que hoy est\u00e1 en manos de intereses privados\u00bb, plante\u00f3.<br>\u00a0\u00a0 Tambi\u00e9n puso sobre la mesa la importancia de \u00abponer en debate las pautas que determinan la asignaci\u00f3n general de Derechos Especiales de Giro del Fondo Monetario Internacional\u00bb.<br>\u00a0\u00a0 Y a\u00f1adi\u00f3: \u00abLos DEG\u00b4s tambi\u00e9n son una herramienta esencial para la necesaria capitalizaci\u00f3n de los bancos regionales de desarrollo\u00bb.<br>\u00a0\u00a0 Ante ello, el Presidente remarc\u00f3 que \u00absin dise\u00f1ar un modelo econ\u00f3mico que acabe con la exclusi\u00f3n financiera, la posibilidad de construir un mundo m\u00e1s justo y equitativo acabar\u00e1 siendo tan solo una quimera\u00bb.<br>\u00a0\u00a0 Tras reclamar que se frene la guerra entre Ucrania y Rusia, el mandatario destac\u00f3 que la Argentina es \u00abproveedora segura y responsable de alimentos, reconocida en el \u00e1mbito de la biotecnolog\u00eda y en tecnolog\u00eda log\u00edstica aplicada\u00bb.<br>\u00a0\u00a0 \u00abEsto significa que no solo somos capaces de producir y exportar alimentos. Tambi\u00e9n sabemos suministrar servicios y formar especialistas para que otros pa\u00edses hagan crecer su eficiencia productiva y mejoren as\u00ed la calidad de vida de sus habitantes.<br>\u00a0\u00a0Tenemos grandes recursos energ\u00e9ticos\u00bb, indic\u00f3.<br>\u00a0\u00a0 Y continu\u00f3: \u00abTodo esto lo hacemos lidiando con las dificultades propias de un pa\u00eds en desarrollo signado por una pesada deuda.<br>\u00a0\u00a0Necesitamos mejorar nuestra infraestructura, diversificar nuestra matriz productiva, aprovechar las nuevas industrias como generadores de nuevos empleos y aumentar as\u00ed nuestras exportaciones\u00bb.<br>\u00a0\u00a0 \u00abQuiero acabar con la pobreza extrema en mi pa\u00eds que es parte de un continente, que hoy tristemente se exhibe como el continente m\u00e1s desigual del mundo. Sin pol\u00edticas p\u00fablicas adecuadas no llegaremos a implementar los Objetivos de Desarrollo Sustentable fijados por la ONU para 2030. Para poder alcanzar esos objetivos es una condici\u00f3n necesaria recuperar la paz. Es imperioso que cesen las hostilidades en Ucrania. Queremos ser parte en la b\u00fasqueda de una soluci\u00f3n que acerque a todos los involucrados, para lograr una paz duradera que deje definitivamente atr\u00e1s la din\u00e1mica desatada por la escalada b\u00e9lica\u00bb, manifest\u00f3.<br>\u00a0\u00a0 Y concluy\u00f3: \u00abDebemos entender, de una vez y para siempre, que el desarrollo debe ser el nuevo nombre de la paz. Y la paz debe ser hoy el nuevo nombre del desarrollo\u00bb.<\/p>\n","protected":false},"excerpt":{"rendered":"<p>El presidente Alberto Fern\u00e1ndez pidi\u00f3 a los BRICS, el bloque de pa\u00edses en desarrollo, que incorpore a la Argentina como miembro pleno para poder sumarse a la discusi\u00f3n de una \u00abagenda de futuro\u00bb y reclam\u00f3 cambios en la forma en que se asignan los Derechos Especiales de Giro (DEG\u00b4s) del Fondo Monetario Internacional (FMI).\u00a0\u00a0 \u00abEstamos [&hellip;]<\/p>\n","protected":false},"author":2,"featured_media":17210,"comment_status":"open","ping_status":"open","sticky":false,"template":"","format":"standard","meta":{"footnotes":""},"categories":[43],"tags":[48],"class_list":["post-17209","post","type-post","status-publish","format-standard","has-post-thumbnail","hentry","category-politica","tag-destacada"],"_links":{"self":[{"href":"https:\/\/clicdenoticias.com\/index.php\/wp-json\/wp\/v2\/posts\/17209","targetHints":{"allow":["GET"]}}],"collection":[{"href":"https:\/\/clicdenoticias.com\/index.php\/wp-json\/wp\/v2\/posts"}],"about":[{"href":"https:\/\/clicdenoticias.com\/index.php\/wp-json\/wp\/v2\/types\/post"}],"author":[{"embeddable":true,"href":"https:\/\/clicdenoticias.com\/index.php\/wp-json\/wp\/v2\/users\/2"}],"replies":[{"embeddable":true,"href":"https:\/\/clicdenoticias.com\/index.php\/wp-json\/wp\/v2\/comments?post=17209"}],"version-history":[{"count":1,"href":"https:\/\/clicdenoticias.com\/index.php\/wp-json\/wp\/v2\/posts\/17209\/revisions"}],"predecessor-version":[{"id":17211,"href":"https:\/\/clicdenoticias.com\/index.php\/wp-json\/wp\/v2\/posts\/17209\/revisions\/17211"}],"wp:featuredmedia":[{"embeddable":true,"href":"https:\/\/clicdenoticias.com\/index.php\/wp-json\/wp\/v2\/media\/17210"}],"wp:attachment":[{"href":"https:\/\/clicdenoticias.com\/index.php\/wp-json\/wp\/v2\/media?parent=17209"}],"wp:term":[{"taxonomy":"category","embeddable":true,"href":"https:\/\/clicdenoticias.com\/index.php\/wp-json\/wp\/v2\/categories?post=17209"},{"taxonomy":"post_tag","embeddable":true,"href":"https:\/\/clicdenoticias.com\/index.php\/wp-json\/wp\/v2\/tags?post=17209"}],"curies":[{"name":"wp","href":"https:\/\/api.w.org\/{rel}","templated":true}]}}