{"id":17260,"date":"2022-06-25T16:27:56","date_gmt":"2022-06-25T19:27:56","guid":{"rendered":"https:\/\/clicdenoticias.com\/?p=17260"},"modified":"2022-06-25T16:27:56","modified_gmt":"2022-06-25T19:27:56","slug":"guerrera-rechazo-las-criticas-de-energia-y-afirmo-que-las-protestas-de-transportistas-no-son-por-la-tarifa-de-referencia-sino-por-la-falta-de-gasoil","status":"publish","type":"post","link":"https:\/\/clicdenoticias.com\/index.php\/2022\/06\/25\/guerrera-rechazo-las-criticas-de-energia-y-afirmo-que-las-protestas-de-transportistas-no-son-por-la-tarifa-de-referencia-sino-por-la-falta-de-gasoil\/","title":{"rendered":"GUERRERA RECHAZ\u00d3 LAS CR\u00cdTICAS DE ENERG\u00cdA Y AFIRM\u00d3 QUE LAS PROTESTAS DE TRANSPORTISTAS NO SON POR LA TARIFA DE REFERENCIA, SINO POR LA FALTA DE GASOIL\u00bb"},"content":{"rendered":"\n<p><strong>El ministro de Transporte, Alexis Guerrera, advirti\u00f3 que \u00abla tarifa de referencia no va a destrabar el reclamo por la falta de gasoil\u00bb por parte de los transportistas, y rechaz\u00f3 cr\u00edticas recibidas por la Secretar\u00eda de Energ\u00eda.<\/strong><\/p>\n\n\n\n<p>&nbsp; &nbsp;El funcionario aclar\u00f3 que la tarifa de referencia no es causante de los m\u00faltiples cortes en el pa\u00eds.<br>&nbsp;&nbsp; \u00abEl Ministerio de Transporte propicia el encuentro entre los transportistas y los dadores de carga para discutir las tarifas de referencia. No est\u00e1 atado un dador de carga y un transportista a aceptar un monto de tarifa. Son de referencia\u00bb, se\u00f1al\u00f3.<\/p>\n\n\n\n<p>&nbsp;&nbsp; En declaraciones radiales, el titular de la cartera de Transporte confi\u00f3 en que \u00abcon la llegada de nuevos barcos, habiendo incrementado lo planificado a principios de a\u00f1o, en los pr\u00f3ximos 15\/20 d\u00edas estar\u00eda solucionado el problema. Incluso estar\u00eda garantizado la provisi\u00f3n de gasoil para los laboreos necesarios para la agroindustria\u00bb.<\/p>\n\n\n\n<p>&nbsp;&nbsp; \u00abPensemos que en este momento la puja internacional para la obtenci\u00f3n del gasoil es muy fuerte y por eso los precios se han disparado. Argentina no es el \u00fanico pa\u00eds que est\u00e1 pujando en el mundo para la compra de gasoil\u00bb, se\u00f1al\u00f3 Guerrera.<\/p>\n\n\n\n<p>&nbsp;&nbsp; Y agreg\u00f3: \u00abLos barcos est\u00e1n llegando no a lo mejor con el ritmo necesario para el consumo interno\u00bb.<br>&nbsp;&nbsp; El integrante del Gabinete lament\u00f3 \u00ablos comentarios del secretario de Energ\u00eda (Dar\u00edo Mart\u00ednez) diciendo que Transporte tiene la culpa de los cortes de rutas\u00bb.<\/p>\n\n\n\n<p>&nbsp;&nbsp; Al respecto, explic\u00f3 que la tarifa de referencia \u00abno es m\u00e1s que eso. Si hoy el mercado la quisiera modificar por el juego de la oferta y la demanda, lo puede hacer\u00bb.<\/p>\n","protected":false},"excerpt":{"rendered":"<p>El ministro de Transporte, Alexis Guerrera, advirti\u00f3 que \u00abla tarifa de referencia no va a destrabar el reclamo por la falta de gasoil\u00bb por parte de los transportistas, y rechaz\u00f3 cr\u00edticas recibidas por la Secretar\u00eda de Energ\u00eda. &nbsp; &nbsp;El funcionario aclar\u00f3 que la tarifa de referencia no es causante de los m\u00faltiples cortes en el [&hellip;]<\/p>\n","protected":false},"author":2,"featured_media":17261,"comment_status":"open","ping_status":"open","sticky":false,"template":"","format":"standard","meta":{"footnotes":""},"categories":[44],"tags":[],"class_list":["post-17260","post","type-post","status-publish","format-standard","has-post-thumbnail","hentry","category-economia"],"_links":{"self":[{"href":"https:\/\/clicdenoticias.com\/index.php\/wp-json\/wp\/v2\/posts\/17260","targetHints":{"allow":["GET"]}}],"collection":[{"href":"https:\/\/clicdenoticias.com\/index.php\/wp-json\/wp\/v2\/posts"}],"about":[{"href":"https:\/\/clicdenoticias.com\/index.php\/wp-json\/wp\/v2\/types\/post"}],"author":[{"embeddable":true,"href":"https:\/\/clicdenoticias.com\/index.php\/wp-json\/wp\/v2\/users\/2"}],"replies":[{"embeddable":true,"href":"https:\/\/clicdenoticias.com\/index.php\/wp-json\/wp\/v2\/comments?post=17260"}],"version-history":[{"count":1,"href":"https:\/\/clicdenoticias.com\/index.php\/wp-json\/wp\/v2\/posts\/17260\/revisions"}],"predecessor-version":[{"id":17262,"href":"https:\/\/clicdenoticias.com\/index.php\/wp-json\/wp\/v2\/posts\/17260\/revisions\/17262"}],"wp:featuredmedia":[{"embeddable":true,"href":"https:\/\/clicdenoticias.com\/index.php\/wp-json\/wp\/v2\/media\/17261"}],"wp:attachment":[{"href":"https:\/\/clicdenoticias.com\/index.php\/wp-json\/wp\/v2\/media?parent=17260"}],"wp:term":[{"taxonomy":"category","embeddable":true,"href":"https:\/\/clicdenoticias.com\/index.php\/wp-json\/wp\/v2\/categories?post=17260"},{"taxonomy":"post_tag","embeddable":true,"href":"https:\/\/clicdenoticias.com\/index.php\/wp-json\/wp\/v2\/tags?post=17260"}],"curies":[{"name":"wp","href":"https:\/\/api.w.org\/{rel}","templated":true}]}}