{"id":17404,"date":"2022-06-29T09:51:19","date_gmt":"2022-06-29T12:51:19","guid":{"rendered":"https:\/\/clicdenoticias.com\/?p=17404"},"modified":"2022-06-29T09:51:20","modified_gmt":"2022-06-29T12:51:20","slug":"la-provincia-de-buenos-aires-pidio-que-se-confirme-el-procesamiento-a-un-acusado-de-torturar-a-soldados-en-malvinas","status":"publish","type":"post","link":"https:\/\/clicdenoticias.com\/index.php\/2022\/06\/29\/la-provincia-de-buenos-aires-pidio-que-se-confirme-el-procesamiento-a-un-acusado-de-torturar-a-soldados-en-malvinas\/","title":{"rendered":"LA PROVINCIA DE BUENOS AIRES PIDI\u00d3 QUE SE CONFIRME EL PROCESAMIENTO A UN ACUSADO DE TORTURAR A SOLDADOS EN MALVINAS"},"content":{"rendered":"\n<p><strong>La Subsecretar\u00eda de Derechos Humanos bonaerense le pidi\u00f3 a la C\u00e1mara Federal de Comodoro Rivadavia que ratifique el procesamiento del ex militar Gustavo Malacalza por torturas a soldados durante la guerra de Malvinas.<\/strong><\/p>\n\n\n\n<p>&nbsp; &nbsp;La Subsecretar\u00eda, querellante en la causa, insisti\u00f3 en que se trata de \u00abcr\u00edmenes que deben ser considerados de lesa humanidad en tanto constituyen graves violaciones a los derechos humanos y como tales son imprescriptibles\u00bb.<\/p>\n\n\n\n<p>&nbsp;&nbsp; La postura coincidi\u00f3 con la que sostiene hist\u00f3ricamente el Centro de Ex Combatientes de Malvinas (CECIM), impulsor de las sanciones penales a los mandos militares acusados por los tormentos que sufrieron los soldados.<\/p>\n\n\n\n<p>&nbsp;&nbsp; El subteniente Malacalza, integrante del Regimiento 12, fue procesado bajo cargos de haber estaqueado a tres conscriptos por haber abandonado sus puestos para ir en busca de comida.<\/p>\n\n\n\n<p>&nbsp;&nbsp; Los combatientes fueron sorprendidos por Malacalza cuando estaban carneando a una oveja que hab\u00edan robado para comer.<\/p>\n\n\n\n<p>&nbsp;&nbsp;\u00abEmpezaron a patearnos y pisotearnos, finalmente lleg\u00f3 el estaqueo\u00bb, narraron los conscriptos.<br>&nbsp;&nbsp; Las querellas \u00abpusieron de relieve la responsabilidad internacional que acarrear\u00eda al Estado nacional que el Poder Judicial, siendo uno de sus tres poderes, no los investigue por revestir tal car\u00e1cter\u00bb.<\/p>\n\n\n\n<p>&nbsp;&nbsp; Un documento de la Subsecretar\u00eda advirti\u00f3 que las defensas particulares de los acusados buscan instalar la idea de que las torturas que padecieron los combatientes \u00abno existieron y que, adem\u00e1s, los hechos se encuentran prescriptos\u00bb por el paso del tiempo.<\/p>\n\n\n\n<p>&nbsp;&nbsp; \u00abLos hechos no est\u00e1n en discusi\u00f3n, existe una cuant\u00eda importante de actas, documentos y un informe emanado por la propia Fuerza Armadas, donde se ratifican los dichos de los soldados\u00bb, sostuvo la repartici\u00f3n bonaerense.<\/p>\n","protected":false},"excerpt":{"rendered":"<p>La Subsecretar\u00eda de Derechos Humanos bonaerense le pidi\u00f3 a la C\u00e1mara Federal de Comodoro Rivadavia que ratifique el procesamiento del ex militar Gustavo Malacalza por torturas a soldados durante la guerra de Malvinas. &nbsp; &nbsp;La Subsecretar\u00eda, querellante en la causa, insisti\u00f3 en que se trata de \u00abcr\u00edmenes que deben ser considerados de lesa humanidad en [&hellip;]<\/p>\n","protected":false},"author":2,"featured_media":4707,"comment_status":"open","ping_status":"open","sticky":false,"template":"","format":"standard","meta":{"footnotes":""},"categories":[51],"tags":[],"class_list":["post-17404","post","type-post","status-publish","format-standard","has-post-thumbnail","hentry","category-provincias"],"_links":{"self":[{"href":"https:\/\/clicdenoticias.com\/index.php\/wp-json\/wp\/v2\/posts\/17404","targetHints":{"allow":["GET"]}}],"collection":[{"href":"https:\/\/clicdenoticias.com\/index.php\/wp-json\/wp\/v2\/posts"}],"about":[{"href":"https:\/\/clicdenoticias.com\/index.php\/wp-json\/wp\/v2\/types\/post"}],"author":[{"embeddable":true,"href":"https:\/\/clicdenoticias.com\/index.php\/wp-json\/wp\/v2\/users\/2"}],"replies":[{"embeddable":true,"href":"https:\/\/clicdenoticias.com\/index.php\/wp-json\/wp\/v2\/comments?post=17404"}],"version-history":[{"count":1,"href":"https:\/\/clicdenoticias.com\/index.php\/wp-json\/wp\/v2\/posts\/17404\/revisions"}],"predecessor-version":[{"id":17405,"href":"https:\/\/clicdenoticias.com\/index.php\/wp-json\/wp\/v2\/posts\/17404\/revisions\/17405"}],"wp:featuredmedia":[{"embeddable":true,"href":"https:\/\/clicdenoticias.com\/index.php\/wp-json\/wp\/v2\/media\/4707"}],"wp:attachment":[{"href":"https:\/\/clicdenoticias.com\/index.php\/wp-json\/wp\/v2\/media?parent=17404"}],"wp:term":[{"taxonomy":"category","embeddable":true,"href":"https:\/\/clicdenoticias.com\/index.php\/wp-json\/wp\/v2\/categories?post=17404"},{"taxonomy":"post_tag","embeddable":true,"href":"https:\/\/clicdenoticias.com\/index.php\/wp-json\/wp\/v2\/tags?post=17404"}],"curies":[{"name":"wp","href":"https:\/\/api.w.org\/{rel}","templated":true}]}}