{"id":17739,"date":"2022-07-09T11:21:11","date_gmt":"2022-07-09T14:21:11","guid":{"rendered":"https:\/\/clicdenoticias.com\/?p=17739"},"modified":"2022-07-09T11:21:12","modified_gmt":"2022-07-09T14:21:12","slug":"el-gobierno-anuncio-la-vacunacion-contra-el-covid-para-bebes-desde-los-seis-meses","status":"publish","type":"post","link":"https:\/\/clicdenoticias.com\/index.php\/2022\/07\/09\/el-gobierno-anuncio-la-vacunacion-contra-el-covid-para-bebes-desde-los-seis-meses\/","title":{"rendered":"EL GOBIERNO ANUNCI\u00d3 LA VACUNACI\u00d3N CONTRA EL COVID PARA BEB\u00c9S DESDE LOS SEIS MESES"},"content":{"rendered":"\n<p><strong>La ministra de Salud, Carla Vizzotti, anunci\u00f3 el arribo de un cargamento de un mill\u00f3n cuatrocientas mil dosis de vacunas&nbsp;de Moderna&nbsp;destinadas a iniciar&nbsp;la vacunaci\u00f3n en menores de entre seis meses a tres a\u00f1os.<\/strong><\/p>\n\n\n\n<p>&nbsp; &nbsp;La enmienda en el contrato con el laboratorio estadounidense establece que la llegada tendr\u00e1 fecha el 25 de julio, estar\u00e1n destinadas tambi\u00e9n al refuerzo en infantes de entre tres a cinco a\u00f1os. La Argentina recibir\u00e1 adem\u00e1s vacunas bivariantes, que contemplan la cepa original e incluyen la variante \u00d3micron a ser aplicadas en adultos. .<\/p>\n\n\n\n<p>&nbsp;&nbsp; \u00abLa Argentina ser\u00e1 uno de los primeros pa\u00edses del mundo en vacunar menores de tres a\u00f1os con su esquema y en avanzar con el refuerzo\u00bb, enfatiz\u00f3 la ministra en di\u00e1logo con acreditados de Casa Rosada entre ellos NA.&nbsp;.<\/p>\n\n\n\n<p>&nbsp;&nbsp; Tras su distribuci\u00f3n, que se estima demorar\u00e1 entre 24 a 48 horas a partir del 25 del mes, cada distrito adapte las dosis a su plan de vacunaci\u00f3n para su aplicaci\u00f3n,&nbsp;ya sea a trav\u00e9s de turnos, los lugares de vacunaci\u00f3n, o demanda espontanea como en la provincia de Buenos Aires.<\/p>\n\n\n\n<p>&nbsp;&nbsp; El inicio del esquema en ni\u00f1os de entre seis meses y tres a\u00f1os se dar\u00e1 a partir del d\u00eda 0, con la primera dosis, y a partir de la cuarta semana, podr\u00e1 aplicarse la segunda dosis.<\/p>\n\n\n\n<p>&nbsp;&nbsp; \u00abNo hab\u00eda vacunas pedi\u00e1tricas disponibles en el mundo. Hace tres semanas la FDA y la Agencia Europea dieron el visto bueno a estas vacunas pedi\u00e1tricas que son otra dosis de vacunas en menores de cinco a\u00f1os. En la Argentina, como hab\u00edamos vacunado de tres a once a\u00f1os con vacunas de Sinopharm necesit\u00e1bamos una vacuna de refuerzo para ni\u00f1os de tres y cuatro e iniciar el esquema entre los seis meses y dos a\u00f1os, once meses y veintinueve d\u00edas\u00bb, revel\u00f3 Vizzotti.<\/p>\n\n\n\n<p>&nbsp;&nbsp; El anuncio se dio despu\u00e9s de su visita al despacho del presidente, Alberto Fern\u00e1ndez, en Casa Rosada.<br>&nbsp;&nbsp; \u00abDesde el primer d\u00eda nos instruy\u00f3 para tener la mayor cantidad de vacunas posibles para distintas franjas etarias y as\u00ed trabajamos desde el principio\u00bb, cont\u00f3 la ministra al tiempo que reafirm\u00f3 que la prioridad del Gobierno es profundizar el camino de la vacunaci\u00f3n.&nbsp;.<\/p>\n\n\n\n<p>&nbsp;&nbsp; A su parte, la funcionaria asegur\u00f3 que el Covid 19 se instalar\u00e1 como \u00abun virus estacional\u00bb, que sumar\u00e1 casos durante todos los a\u00f1os, con estacionalidad en invierno, como sucede con los virus respiratorios.<\/p>\n\n\n\n<p>&nbsp;&nbsp; \u00abLa mayor\u00eda de esos casos se dar\u00e1n en personas no vacunadas y de alto riesgo. Esta \u00faltima semana vimos un aumento de casos en mayores de cincuenta a\u00f1os, pero desde el inicio de este invierno, el aumento no fue de la magnitud de a\u00f1os anteriores ni se tradujo en hospitalizaciones ni internaciones\u00bb, sostuvo.<\/p>\n\n\n\n<p>&nbsp;&nbsp; Por \u00faltimo, consultada por NA respecto a la obligatoriedad de la vacuna del Covid 19, Vizzotti explic\u00f3 que a\u00fan la posibilidad no est\u00e1 en evaluaci\u00f3n y revel\u00f3 que el COFESA y el ministerio que lidera analizan la chance de levantar la obligatoriedad del uso del barbijo.<\/p>\n\n\n\n<p>&nbsp;&nbsp; \u00abM\u00e1s all\u00e1 de la obligatoriedad, es un\u00e1nime la recomendaci\u00f3n de recomendar el uso en lugares cerrados, y con muchas personas, y las personas que tenga s\u00edntomas minimizar el contacto\u00bb, concluy\u00f3.<\/p>\n","protected":false},"excerpt":{"rendered":"<p>La ministra de Salud, Carla Vizzotti, anunci\u00f3 el arribo de un cargamento de un mill\u00f3n cuatrocientas mil dosis de vacunas&nbsp;de Moderna&nbsp;destinadas a iniciar&nbsp;la vacunaci\u00f3n en menores de entre seis meses a tres a\u00f1os. &nbsp; &nbsp;La enmienda en el contrato con el laboratorio estadounidense establece que la llegada tendr\u00e1 fecha el 25 de julio, estar\u00e1n destinadas [&hellip;]<\/p>\n","protected":false},"author":2,"featured_media":17740,"comment_status":"open","ping_status":"open","sticky":false,"template":"","format":"standard","meta":{"footnotes":""},"categories":[45],"tags":[],"class_list":["post-17739","post","type-post","status-publish","format-standard","has-post-thumbnail","hentry","category-sociedad"],"_links":{"self":[{"href":"https:\/\/clicdenoticias.com\/index.php\/wp-json\/wp\/v2\/posts\/17739","targetHints":{"allow":["GET"]}}],"collection":[{"href":"https:\/\/clicdenoticias.com\/index.php\/wp-json\/wp\/v2\/posts"}],"about":[{"href":"https:\/\/clicdenoticias.com\/index.php\/wp-json\/wp\/v2\/types\/post"}],"author":[{"embeddable":true,"href":"https:\/\/clicdenoticias.com\/index.php\/wp-json\/wp\/v2\/users\/2"}],"replies":[{"embeddable":true,"href":"https:\/\/clicdenoticias.com\/index.php\/wp-json\/wp\/v2\/comments?post=17739"}],"version-history":[{"count":1,"href":"https:\/\/clicdenoticias.com\/index.php\/wp-json\/wp\/v2\/posts\/17739\/revisions"}],"predecessor-version":[{"id":17741,"href":"https:\/\/clicdenoticias.com\/index.php\/wp-json\/wp\/v2\/posts\/17739\/revisions\/17741"}],"wp:featuredmedia":[{"embeddable":true,"href":"https:\/\/clicdenoticias.com\/index.php\/wp-json\/wp\/v2\/media\/17740"}],"wp:attachment":[{"href":"https:\/\/clicdenoticias.com\/index.php\/wp-json\/wp\/v2\/media?parent=17739"}],"wp:term":[{"taxonomy":"category","embeddable":true,"href":"https:\/\/clicdenoticias.com\/index.php\/wp-json\/wp\/v2\/categories?post=17739"},{"taxonomy":"post_tag","embeddable":true,"href":"https:\/\/clicdenoticias.com\/index.php\/wp-json\/wp\/v2\/tags?post=17739"}],"curies":[{"name":"wp","href":"https:\/\/api.w.org\/{rel}","templated":true}]}}