{"id":1776,"date":"2021-05-06T12:49:38","date_gmt":"2021-05-06T12:49:38","guid":{"rendered":"https:\/\/clickdenoticias.com.ar\/?p=1776"},"modified":"2021-05-06T12:49:39","modified_gmt":"2021-05-06T12:49:39","slug":"a-los-86-anos-murio-carlos-timoteo-griguol","status":"publish","type":"post","link":"https:\/\/clicdenoticias.com\/index.php\/2021\/05\/06\/a-los-86-anos-murio-carlos-timoteo-griguol\/","title":{"rendered":"A LOS 86 A\u00d1OS, MURI\u00d3 CARLOS TIMOTEO GRIGUOL"},"content":{"rendered":"\n<p><strong>El ex entrenador Carlos Timoteo Griguol falleci\u00f3 hoy a los 86 a\u00f1os luego de permanecer varios d\u00edas internado en un sanatorio porte\u00f1o debido a una neumon\u00eda.<\/strong><\/p>\n\n\n\n<p>&nbsp; &nbsp;La noticia fue confirmada por su yerno, el ex futbolista V\u00edctor Marchesini, a trav\u00e9s de un mensaje en su cuenta oficial de la red social Twitter.<\/p>\n\n\n\n<p>&nbsp;&nbsp; \u00abSe nos fue Timo. Gracias por todo Viejito, imposible no tenerte presente minuto a minuto.Te voy a extra\u00f1ar. QEPD\u00bb, se\u00f1al\u00f3 Marchesini. .<\/p>\n\n\n\n<p>&nbsp;&nbsp; El ex t\u00e9cnico de Ferro, Rosario Central, River y Gimnasia y Esgrima La Plata, se encontraba internado en el Sanatorio de Los Arcos del barrio de Palermo tras presentar complicaciones pulmonares.<\/p>\n\n\n\n<p>&nbsp;&nbsp; Griguol, quien desde hace a\u00f1os padec\u00eda la enfermedad de Alzheimer, tuvo fiebre y complicaciones respiratorias, por lo que los m\u00e9dicos que lo asistieron hab\u00edan decidido trasladarlo e internarlo para su mejor cuidado el pasado 12 de abril.<\/p>\n\n\n\n<p>&nbsp;&nbsp; \u00abEl Viejo\u00bb, como se lo conoc\u00eda en su \u00faltima etapa como entrenador de Gimnasia y Esgrima La Plata, fue jugador de Atlanta entre 1957 y 1965 y Rosario Central entre 1966 y 1969.<\/p>\n\n\n\n<p>&nbsp;&nbsp; Una vez retirado de la actividad profesional comenz\u00f3 su carrera como entrenador, precisamente en Central, donde se consagr\u00f3 campe\u00f3n del Nacional 1973.<\/p>\n\n\n\n<p>&nbsp;&nbsp; En la d\u00e9cada del 80 encabez\u00f3 la \u00e9poca dorada de Ferro Carril Oeste, donde incluso se le construy\u00f3 una estatua en homenaje, ya que con el \u00abverde\u00bb sali\u00f3 campe\u00f3n de los torneos Nacionales de 1982 y 1984.<\/p>\n\n\n\n<p>&nbsp;&nbsp; La \u00faltima etapa lo tuvo al frente de Gimnasia y Esgrima La Plata (1994\/1999, 2000\/2001 y 2003\/2004)), y a punto estuvo de consagrarse en el Clausura 1995, pero perdi\u00f3 en la \u00faltima fecha con Independiente (1-0) y San Lorenzo termin\u00f3 arrebat\u00e1ndole el t\u00edtulo.<\/p>\n\n\n\n<p>&nbsp;&nbsp; Tambi\u00e9n pas\u00f3 por River, tras la salida de H\u00e9ctor Veira y la consagraci\u00f3n de la Copa Libertadores y la Copa Intercontinental 1986, pero solo estuvo una temporada, aunque con el \u00abmillonario\u00bb consigui\u00f3 la Copa Interamericana ante Deportivo Alajuelense de Costa Rica.<\/p>\n\n\n\n<p>&nbsp;&nbsp; En su dilatada carrera como entrenador el oriundo de Las Palmas, en la provincia de C\u00f3rdoba, dirigi\u00f3 a Kimberley de Mar del Plata, Uni\u00f3n de Santa Fe y tambi\u00e9n estuvo en el exterior dirigiendo a Tecos de Guadalajara de M\u00e9xico y Betis de Espa\u00f1a.<\/p>\n","protected":false},"excerpt":{"rendered":"<p>El ex entrenador Carlos Timoteo Griguol falleci\u00f3 hoy a los 86 a\u00f1os luego de permanecer varios d\u00edas internado en un sanatorio porte\u00f1o debido a una neumon\u00eda. &nbsp; &nbsp;La noticia fue confirmada por su yerno, el ex futbolista V\u00edctor Marchesini, a trav\u00e9s de un mensaje en su cuenta oficial de la red social Twitter. &nbsp;&nbsp; \u00abSe [&hellip;]<\/p>\n","protected":false},"author":2,"featured_media":1777,"comment_status":"open","ping_status":"open","sticky":false,"template":"","format":"standard","meta":{"footnotes":""},"categories":[45],"tags":[],"class_list":["post-1776","post","type-post","status-publish","format-standard","has-post-thumbnail","hentry","category-sociedad"],"_links":{"self":[{"href":"https:\/\/clicdenoticias.com\/index.php\/wp-json\/wp\/v2\/posts\/1776","targetHints":{"allow":["GET"]}}],"collection":[{"href":"https:\/\/clicdenoticias.com\/index.php\/wp-json\/wp\/v2\/posts"}],"about":[{"href":"https:\/\/clicdenoticias.com\/index.php\/wp-json\/wp\/v2\/types\/post"}],"author":[{"embeddable":true,"href":"https:\/\/clicdenoticias.com\/index.php\/wp-json\/wp\/v2\/users\/2"}],"replies":[{"embeddable":true,"href":"https:\/\/clicdenoticias.com\/index.php\/wp-json\/wp\/v2\/comments?post=1776"}],"version-history":[{"count":1,"href":"https:\/\/clicdenoticias.com\/index.php\/wp-json\/wp\/v2\/posts\/1776\/revisions"}],"predecessor-version":[{"id":1778,"href":"https:\/\/clicdenoticias.com\/index.php\/wp-json\/wp\/v2\/posts\/1776\/revisions\/1778"}],"wp:featuredmedia":[{"embeddable":true,"href":"https:\/\/clicdenoticias.com\/index.php\/wp-json\/wp\/v2\/media\/1777"}],"wp:attachment":[{"href":"https:\/\/clicdenoticias.com\/index.php\/wp-json\/wp\/v2\/media?parent=1776"}],"wp:term":[{"taxonomy":"category","embeddable":true,"href":"https:\/\/clicdenoticias.com\/index.php\/wp-json\/wp\/v2\/categories?post=1776"},{"taxonomy":"post_tag","embeddable":true,"href":"https:\/\/clicdenoticias.com\/index.php\/wp-json\/wp\/v2\/tags?post=1776"}],"curies":[{"name":"wp","href":"https:\/\/api.w.org\/{rel}","templated":true}]}}