{"id":17818,"date":"2022-07-11T09:19:44","date_gmt":"2022-07-11T12:19:44","guid":{"rendered":"https:\/\/clicdenoticias.com\/?p=17818"},"modified":"2022-07-11T09:19:45","modified_gmt":"2022-07-11T12:19:45","slug":"el-jefe-del-bcra-salio-a-tratar-de-calmar-a-los-mercados-no-es-necesario-producir-bruscas-devaluaciones","status":"publish","type":"post","link":"https:\/\/clicdenoticias.com\/index.php\/2022\/07\/11\/el-jefe-del-bcra-salio-a-tratar-de-calmar-a-los-mercados-no-es-necesario-producir-bruscas-devaluaciones\/","title":{"rendered":"EL JEFE DEL BCRA SALI\u00d3 A TRATAR DE CALMAR A LOS MERCADOS: \u00abNO ES NECESARIO PRODUCIR BRUSCAS DEVALUACIONES\u00bb"},"content":{"rendered":"\n<p><strong>Horas antes de la reapertura de los mercados financieros, el presidente del Banco Central, Miguel Pesce, sostuvo que \u00abno es necesario ni ajustar ni aplicar devaluaciones bruscas\u00bb.<\/strong><\/p>\n\n\n\n<p>&nbsp; &nbsp;Con los d\u00f3lares financieros en niveles de $300 y el blue en $273, el Gobierno busca una salida para evitar una depreciaci\u00f3n fuerte del peso, que tambi\u00e9n siga impactando en una baja de los bonos soberanos.<\/p>\n\n\n\n<p>&nbsp;&nbsp; El presidente del BCRA rechaz\u00f3 de plano la posibilidad de una devaluaci\u00f3n del tipo de cambio oficial.<br>&nbsp;&nbsp; \u00abNo hay ninguna raz\u00f3n para que esto suceda. Estamos en una coyuntura dif\u00edcil, pero la vamos a poder superar. No es necesario ni ajustar, ni producir bruscas devaluaciones, ni nada por el estilo\u00bb, enfatiz\u00f3.<\/p>\n\n\n\n<p>&nbsp;&nbsp; Dijo que existe un \u00abproblema coyuntural con la importaci\u00f3n de energ\u00eda\u00bb.<br>&nbsp;&nbsp; \u00abEsperamos sobre el final de agosto o septiembre poder ir reduciendo estos pedidos de financiamiento que le hemos hecho a las empresas\u00bb, se\u00f1al\u00f3.&nbsp;&nbsp; Pesce tambi\u00e9n neg\u00f3 que vayan a faltar productos esenciales en las g\u00f3ndolas y apost\u00f3 al di\u00e1logo que mantuvo en los \u00faltimos d\u00edas con la COPAL (alimenticias) y distintos grupos empresariales.<\/p>\n\n\n\n<p>&nbsp; &nbsp;\u00abNadie quiere que haya una devaluaci\u00f3n, una ca\u00edda fuerte del salario, que haya un ajuste, porque a las empresas les trae dificultades traer financiamiento, pero m\u00e1s dificultades le trae caer en una situaci\u00f3n recesiva\u00bb, consider\u00f3.<\/p>\n\n\n\n<p>&nbsp;&nbsp; El Banco Central debi\u00f3 vender unos US$ 730 millones en la \u00faltima semana para tratar de evitar una corrida que no da se\u00f1ales de frenarse.<\/p>\n\n\n\n<p>&nbsp;&nbsp; Pesce dijo que \u00abtanto en el largo plazo como breve el mercado cambiario tiene que responder de otra manera a lo que est\u00e1 sucediendo ahora\u00bb.<\/p>\n\n\n\n<p>&nbsp;&nbsp; \u00abLa Argentina siempre tuvo problemas en su balanza cambiaria.<br>&nbsp;&nbsp;Siempre exportamos poco para el volumen de crecimiento que quer\u00edamos tener\u00bb, sostuvo.<\/p>\n\n\n\n<p>&nbsp;&nbsp; Pesce dijo que la guerra en Ucrania, que alent\u00f3 el alza de los commodities y provoc\u00f3 problemas de abastecimiento de gas, le est\u00e1 provocando a la Argentina \u00abproblemas en la coyuntura, porque estamos importando US$ 2.000 millones en energ\u00eda por mes cuando en abril est\u00e1bamos pagando importaciones de US$ 90 millones.<\/p>\n\n\n\n<p>&nbsp;&nbsp; Reconoci\u00f3 que se atraviesa una \u00abcoyuntura compleja\u00bb, pero confi\u00f3 en que \u00aben el largo plazo, cuando disminuya el nivel de exportaciones cuando no haga tanto fr\u00edo como ocurre en junio y julio y baje la demanda de energ\u00eda, vamos a tener una balanza cambiaria mejor\u00bb.<\/p>\n\n\n\n<p>&nbsp;&nbsp; Sobre los saltos en el d\u00f3lar blue, el MEP y el CCL en la \u00faltima semana, dijo que \u00absiempre aparecen los especuladores\u00bb.<\/p>\n\n\n\n<p>&nbsp;&nbsp; Pero insisti\u00f3 en que el mercado oficial de cambios, que \u00abmueve 1.000 millones de d\u00f3lares por d\u00eda, ha estado operando con normalidad, no ha tenido sobresaltos en la cotizaci\u00f3n\u00bb.<\/p>\n\n\n\n<p>&nbsp;&nbsp; \u00abLo que vemos en el mercado de t\u00edtulos p\u00fablicos donde se refleja el tipo de cambio por esos t\u00edtulos que tienen cotizaci\u00f3n en Argentina y en el exterior, o en el d\u00f3lar ilegal, es que hemos tenido movimientos bruscos del tipo de cambio porque en ambos mercados el Banco Central tiene una capacidad limitada de intervenci\u00f3n para evitar las maniobras especulativas\u00bb, reconoci\u00f3.<\/p>\n","protected":false},"excerpt":{"rendered":"<p>Horas antes de la reapertura de los mercados financieros, el presidente del Banco Central, Miguel Pesce, sostuvo que \u00abno es necesario ni ajustar ni aplicar devaluaciones bruscas\u00bb. &nbsp; &nbsp;Con los d\u00f3lares financieros en niveles de $300 y el blue en $273, el Gobierno busca una salida para evitar una depreciaci\u00f3n fuerte del peso, que tambi\u00e9n [&hellip;]<\/p>\n","protected":false},"author":2,"featured_media":17819,"comment_status":"open","ping_status":"open","sticky":false,"template":"","format":"standard","meta":{"footnotes":""},"categories":[44],"tags":[48],"class_list":["post-17818","post","type-post","status-publish","format-standard","has-post-thumbnail","hentry","category-economia","tag-destacada"],"_links":{"self":[{"href":"https:\/\/clicdenoticias.com\/index.php\/wp-json\/wp\/v2\/posts\/17818","targetHints":{"allow":["GET"]}}],"collection":[{"href":"https:\/\/clicdenoticias.com\/index.php\/wp-json\/wp\/v2\/posts"}],"about":[{"href":"https:\/\/clicdenoticias.com\/index.php\/wp-json\/wp\/v2\/types\/post"}],"author":[{"embeddable":true,"href":"https:\/\/clicdenoticias.com\/index.php\/wp-json\/wp\/v2\/users\/2"}],"replies":[{"embeddable":true,"href":"https:\/\/clicdenoticias.com\/index.php\/wp-json\/wp\/v2\/comments?post=17818"}],"version-history":[{"count":1,"href":"https:\/\/clicdenoticias.com\/index.php\/wp-json\/wp\/v2\/posts\/17818\/revisions"}],"predecessor-version":[{"id":17820,"href":"https:\/\/clicdenoticias.com\/index.php\/wp-json\/wp\/v2\/posts\/17818\/revisions\/17820"}],"wp:featuredmedia":[{"embeddable":true,"href":"https:\/\/clicdenoticias.com\/index.php\/wp-json\/wp\/v2\/media\/17819"}],"wp:attachment":[{"href":"https:\/\/clicdenoticias.com\/index.php\/wp-json\/wp\/v2\/media?parent=17818"}],"wp:term":[{"taxonomy":"category","embeddable":true,"href":"https:\/\/clicdenoticias.com\/index.php\/wp-json\/wp\/v2\/categories?post=17818"},{"taxonomy":"post_tag","embeddable":true,"href":"https:\/\/clicdenoticias.com\/index.php\/wp-json\/wp\/v2\/tags?post=17818"}],"curies":[{"name":"wp","href":"https:\/\/api.w.org\/{rel}","templated":true}]}}