{"id":1788,"date":"2021-05-06T13:17:03","date_gmt":"2021-05-06T13:17:03","guid":{"rendered":"https:\/\/clickdenoticias.com.ar\/?p=1788"},"modified":"2021-05-06T13:17:05","modified_gmt":"2021-05-06T13:17:05","slug":"internaron-al-senador-nacional-carlos-reutemann","status":"publish","type":"post","link":"https:\/\/clicdenoticias.com\/index.php\/2021\/05\/06\/internaron-al-senador-nacional-carlos-reutemann\/","title":{"rendered":"INTERNARON AL SENADOR NACIONAL CARLOS REUTEMANN"},"content":{"rendered":"\n<p><strong>El senador nacional por Santa Fe Carlos Reutemann fue internado, aunque se descart\u00f3 que haya contra\u00eddo coronavirus.<\/strong><\/p>\n\n\n\n<p>&nbsp; &nbsp;El ingreso del ex gobernador santafesino a un sanatorio privado de la capital provincial se produjo el pasado mi\u00e9rcoles por la tarde y, seg\u00fan trascendi\u00f3, est\u00e1 relacionado con un control card\u00edaco, public\u00f3 el portal Aires de Santa Fe.<\/p>\n\n\n\n<p>&nbsp;&nbsp; El referente peronista cumplir\u00e1 79 a\u00f1os el pr\u00f3ximo mi\u00e9rcoles, por lo que integra el grupo de riesgo en caso de contraer el virus Sars-Cov-2.<\/p>\n\n\n\n<p>&nbsp;&nbsp; A fines de marzo pasado, el \u00abLole\u00bb, reconocido por su trayectoria como piloto de F\u00f3rmula 1 en la d\u00e9cada de 1970, hab\u00eda recibido la primera dosis de la vacuna contra el coronavirus.<\/p>\n\n\n\n<p>&nbsp;&nbsp; En 2017 el senador fue operado en Estados Unidos como parte de un tratamiento por una afecci\u00f3n biliar.<\/p>\n\n\n\n<p>&nbsp;&nbsp; Reutemann fue gobernador de Santa Fe en dos oportunidades: entre 1991 y 1995 y desde 1999 hasta 2003.<\/p>\n\n\n\n<p>&nbsp;&nbsp; Tras ocupar la Casa Gris, el santafesino asumi\u00f3 una banca en el Senado de la Naci\u00f3n, cargo que renov\u00f3 en 2009 y 2015.<\/p>\n\n\n\n<p>&nbsp;&nbsp; Su mandato en la C\u00e1mara alta vence el pr\u00f3ximo 10 de diciembre.<\/p>\n","protected":false},"excerpt":{"rendered":"<p>El senador nacional por Santa Fe Carlos Reutemann fue internado, aunque se descart\u00f3 que haya contra\u00eddo coronavirus. &nbsp; &nbsp;El ingreso del ex gobernador santafesino a un sanatorio privado de la capital provincial se produjo el pasado mi\u00e9rcoles por la tarde y, seg\u00fan trascendi\u00f3, est\u00e1 relacionado con un control card\u00edaco, public\u00f3 el portal Aires de Santa [&hellip;]<\/p>\n","protected":false},"author":2,"featured_media":1789,"comment_status":"open","ping_status":"open","sticky":false,"template":"","format":"standard","meta":{"footnotes":""},"categories":[51],"tags":[],"class_list":["post-1788","post","type-post","status-publish","format-standard","has-post-thumbnail","hentry","category-provincias"],"_links":{"self":[{"href":"https:\/\/clicdenoticias.com\/index.php\/wp-json\/wp\/v2\/posts\/1788","targetHints":{"allow":["GET"]}}],"collection":[{"href":"https:\/\/clicdenoticias.com\/index.php\/wp-json\/wp\/v2\/posts"}],"about":[{"href":"https:\/\/clicdenoticias.com\/index.php\/wp-json\/wp\/v2\/types\/post"}],"author":[{"embeddable":true,"href":"https:\/\/clicdenoticias.com\/index.php\/wp-json\/wp\/v2\/users\/2"}],"replies":[{"embeddable":true,"href":"https:\/\/clicdenoticias.com\/index.php\/wp-json\/wp\/v2\/comments?post=1788"}],"version-history":[{"count":1,"href":"https:\/\/clicdenoticias.com\/index.php\/wp-json\/wp\/v2\/posts\/1788\/revisions"}],"predecessor-version":[{"id":1790,"href":"https:\/\/clicdenoticias.com\/index.php\/wp-json\/wp\/v2\/posts\/1788\/revisions\/1790"}],"wp:featuredmedia":[{"embeddable":true,"href":"https:\/\/clicdenoticias.com\/index.php\/wp-json\/wp\/v2\/media\/1789"}],"wp:attachment":[{"href":"https:\/\/clicdenoticias.com\/index.php\/wp-json\/wp\/v2\/media?parent=1788"}],"wp:term":[{"taxonomy":"category","embeddable":true,"href":"https:\/\/clicdenoticias.com\/index.php\/wp-json\/wp\/v2\/categories?post=1788"},{"taxonomy":"post_tag","embeddable":true,"href":"https:\/\/clicdenoticias.com\/index.php\/wp-json\/wp\/v2\/tags?post=1788"}],"curies":[{"name":"wp","href":"https:\/\/api.w.org\/{rel}","templated":true}]}}