{"id":17986,"date":"2022-07-15T10:11:13","date_gmt":"2022-07-15T13:11:13","guid":{"rendered":"https:\/\/clicdenoticias.com\/?p=17986"},"modified":"2022-07-15T10:11:14","modified_gmt":"2022-07-15T13:11:14","slug":"la-causa-por-la-presunta-mesa-judicial-bonaerense-se-queda-por-ahora-en-los-tribunales-de-la-plata","status":"publish","type":"post","link":"https:\/\/clicdenoticias.com\/index.php\/2022\/07\/15\/la-causa-por-la-presunta-mesa-judicial-bonaerense-se-queda-por-ahora-en-los-tribunales-de-la-plata\/","title":{"rendered":"LA CAUSA POR LA PRESUNTA \u00abMESA JUDICIAL BONAERENSE\u00bb SE QUEDA, POR AHORA, EN LOS TRIBUNALES DE LA PLATA"},"content":{"rendered":"\n<p><strong>El camarista federal porte\u00f1o Eduardo Farah resolvi\u00f3 que la C\u00e1mara de La Plata sea la que decida d\u00f3nde tramitar\u00e1 finalmente la causa por la presunta \u00abmesa judicial bonaerense\u00bb, la acusaci\u00f3n contra funcionarios, esp\u00edas y empresarios por persecuci\u00f3n a gremialistas bonaerenses.<\/strong><\/p>\n\n\n\n<p>&nbsp; &nbsp;Farah declar\u00f3 \u00abmal elevadas las actuaciones\u00bb mediante las cuales el ex jefe de Asuntos Jur\u00eddicos de la AFI Juan Sebasti\u00e1n De St\u00e9fano plante\u00f3 que el juez de La Plata Ernesto Kreplak deje de intervenir en el caso y le mande el expediente a su par Marcelo Mart\u00ednez de Giorgi, de Comodoro Py 2002.<\/p>\n\n\n\n<p>&nbsp;&nbsp; Mart\u00ednez de Giorgi, ante el pedido de De St\u00e9fano, consider\u00f3 que la causa debe tramitar en los juzgados federales porte\u00f1os, lo que formalmente trab\u00f3 una \u00abcuesti\u00f3n de competencia\u00bb.<\/p>\n\n\n\n<p>&nbsp;&nbsp; Ante la negativa de Kreplak de desprenderse del expediente, Mart\u00ednez de Giorgi consider\u00f3 que la puja entre ambos deb\u00eda resolverse en la C\u00e1mara porte\u00f1a que integra Farah.<\/p>\n\n\n\n<p>&nbsp;&nbsp; Pero este \u00faltimo entendi\u00f3 que, por una cuesti\u00f3n de procedimientos, le corresponde a la C\u00e1mara Federal de La Plata dirimir el conflicto de competencia.<\/p>\n\n\n\n<p>&nbsp;&nbsp; De St\u00e9fano objet\u00f3 la decisi\u00f3n, pero Farah la ratific\u00f3.<br>&nbsp;&nbsp; En los hechos, ello significa que, por ahora, la investigaci\u00f3n sobre la \u00abmesa judicial bonaerense\u00bb continuar\u00e1 en manos del juez Kreplak.<\/p>\n\n\n\n<p>&nbsp;&nbsp; No obstante, todav\u00eda hay al menos dos instancias en las que se podr\u00eda revertir esa decisi\u00f3n: la C\u00e1mara Federal de Casaci\u00f3n y la Corte Suprema de Justicia.<\/p>\n\n\n\n<p>&nbsp;&nbsp; La investigaci\u00f3n sobre el presunto armado de una estrategia para perseguir a sindicalistas bonaerenses, especialmente al de la UOCRA La Plata Juan Pablo \u00abPata\u00bb Medina, se origin\u00f3 en la aparici\u00f3n de un video de una reuni\u00f3n en las oficinas porte\u00f1as del Banco de la Provincia de Buenos Aires.<\/p>\n\n\n\n<p>&nbsp;&nbsp; All\u00ed, funcionarios del gobierno bonaerense de Mar\u00eda Eugenia Vidal, agentes jer\u00e1rquicos de la AFI y empresarios locales hablaron sobre una \u00abGestapo sindical\u00bb.<\/p>\n\n\n\n<p>&nbsp;&nbsp; Todos, excepto los empresarios, fueron procesados por el juez Kreplak.<\/p>\n","protected":false},"excerpt":{"rendered":"<p>El camarista federal porte\u00f1o Eduardo Farah resolvi\u00f3 que la C\u00e1mara de La Plata sea la que decida d\u00f3nde tramitar\u00e1 finalmente la causa por la presunta \u00abmesa judicial bonaerense\u00bb, la acusaci\u00f3n contra funcionarios, esp\u00edas y empresarios por persecuci\u00f3n a gremialistas bonaerenses. &nbsp; &nbsp;Farah declar\u00f3 \u00abmal elevadas las actuaciones\u00bb mediante las cuales el ex jefe de Asuntos [&hellip;]<\/p>\n","protected":false},"author":2,"featured_media":17987,"comment_status":"open","ping_status":"open","sticky":false,"template":"","format":"standard","meta":{"footnotes":""},"categories":[51],"tags":[48],"class_list":["post-17986","post","type-post","status-publish","format-standard","has-post-thumbnail","hentry","category-provincias","tag-destacada"],"_links":{"self":[{"href":"https:\/\/clicdenoticias.com\/index.php\/wp-json\/wp\/v2\/posts\/17986","targetHints":{"allow":["GET"]}}],"collection":[{"href":"https:\/\/clicdenoticias.com\/index.php\/wp-json\/wp\/v2\/posts"}],"about":[{"href":"https:\/\/clicdenoticias.com\/index.php\/wp-json\/wp\/v2\/types\/post"}],"author":[{"embeddable":true,"href":"https:\/\/clicdenoticias.com\/index.php\/wp-json\/wp\/v2\/users\/2"}],"replies":[{"embeddable":true,"href":"https:\/\/clicdenoticias.com\/index.php\/wp-json\/wp\/v2\/comments?post=17986"}],"version-history":[{"count":1,"href":"https:\/\/clicdenoticias.com\/index.php\/wp-json\/wp\/v2\/posts\/17986\/revisions"}],"predecessor-version":[{"id":17988,"href":"https:\/\/clicdenoticias.com\/index.php\/wp-json\/wp\/v2\/posts\/17986\/revisions\/17988"}],"wp:featuredmedia":[{"embeddable":true,"href":"https:\/\/clicdenoticias.com\/index.php\/wp-json\/wp\/v2\/media\/17987"}],"wp:attachment":[{"href":"https:\/\/clicdenoticias.com\/index.php\/wp-json\/wp\/v2\/media?parent=17986"}],"wp:term":[{"taxonomy":"category","embeddable":true,"href":"https:\/\/clicdenoticias.com\/index.php\/wp-json\/wp\/v2\/categories?post=17986"},{"taxonomy":"post_tag","embeddable":true,"href":"https:\/\/clicdenoticias.com\/index.php\/wp-json\/wp\/v2\/tags?post=17986"}],"curies":[{"name":"wp","href":"https:\/\/api.w.org\/{rel}","templated":true}]}}