{"id":17989,"date":"2022-07-15T10:15:50","date_gmt":"2022-07-15T13:15:50","guid":{"rendered":"https:\/\/clicdenoticias.com\/?p=17989"},"modified":"2022-07-15T10:15:50","modified_gmt":"2022-07-15T13:15:50","slug":"cambio-de-fecha-alberto-fernandez-y-joe-biden-se-reuniran-el-26-de-julio-en-estados-unidos","status":"publish","type":"post","link":"https:\/\/clicdenoticias.com\/index.php\/2022\/07\/15\/cambio-de-fecha-alberto-fernandez-y-joe-biden-se-reuniran-el-26-de-julio-en-estados-unidos\/","title":{"rendered":"CAMBIO DE FECHA: ALBERTO FERN\u00c1NDEZ Y JOE BIDEN SE REUNIR\u00c1N EL 26 DE JULIO EN ESTADOS UNIDOS"},"content":{"rendered":"\n<p><strong>El presidente Alberto Fern\u00e1ndez tiene una nueva fecha para viajar a Estados Unidos y reunirse en Washington con el mandatario local, Joe Biden: Ser\u00e1 el 26 de julio y no el 25 como estaba previsto, seg\u00fan explic\u00f3 el ministro de Relaciones Exteriores, Comercio Internacional y Culto, Santiago Cafiero.<\/strong><\/p>\n\n\n\n<p>&nbsp; &nbsp;El funcionario asegur\u00f3 que el deseo que tienen desde el Gobierno es \u00abdesarrollar una agenda positiva con Estados Unidos\u00bb y destac\u00f3 las \u00aboportunidades\u00bb que tiene nuestro pa\u00eds \u00abpor sus recursos naturales\u00bb y por \u00abuna gran capacidad t\u00e9cnica de su aparato cient\u00edfico tecnol\u00f3gico\u00bb.<\/p>\n\n\n\n<p>&nbsp;&nbsp; Cafiero remarc\u00f3 la intenci\u00f3n de los pa\u00edses latinoamericanos para encontrar una relaci\u00f3n \u00abde respeto\u00bb con el pa\u00eds norteamericano y ser retribuidos de la misma manera.<\/p>\n\n\n\n<p>&nbsp;&nbsp; En di\u00e1logo con radio Andina, el Canciller agreg\u00f3: \u00abQue (Estados Unidos) respete la dignidad de los pa\u00edses y colabore a que tengan proyectos de arraigo y desarrollo productivo que permita que su gente tenga oportunidad de desenvolver sus vidas en sus pueblos\u00bb.<\/p>\n\n\n\n<p>&nbsp;&nbsp; El encuentro entre el Fern\u00e1ndez y Biden tendr\u00e1 como principal objetivo para la comitiva nacional el de lograr un incremento en las exportaciones argentinas hacia Estados Unidos.<\/p>\n\n\n\n<p>&nbsp;&nbsp; Por otro lado, mantendr\u00e1n una agenda conjunta en los siguientes temas: energ\u00edas renovables, la defensa de los Derechos Humanos de los pueblos latinoamericanos y caribe\u00f1os y la lucha contra el cambio clim\u00e1tico.<\/p>\n","protected":false},"excerpt":{"rendered":"<p>El presidente Alberto Fern\u00e1ndez tiene una nueva fecha para viajar a Estados Unidos y reunirse en Washington con el mandatario local, Joe Biden: Ser\u00e1 el 26 de julio y no el 25 como estaba previsto, seg\u00fan explic\u00f3 el ministro de Relaciones Exteriores, Comercio Internacional y Culto, Santiago Cafiero. &nbsp; &nbsp;El funcionario asegur\u00f3 que el deseo [&hellip;]<\/p>\n","protected":false},"author":2,"featured_media":17990,"comment_status":"open","ping_status":"open","sticky":false,"template":"","format":"standard","meta":{"footnotes":""},"categories":[43],"tags":[48],"class_list":["post-17989","post","type-post","status-publish","format-standard","has-post-thumbnail","hentry","category-politica","tag-destacada"],"_links":{"self":[{"href":"https:\/\/clicdenoticias.com\/index.php\/wp-json\/wp\/v2\/posts\/17989","targetHints":{"allow":["GET"]}}],"collection":[{"href":"https:\/\/clicdenoticias.com\/index.php\/wp-json\/wp\/v2\/posts"}],"about":[{"href":"https:\/\/clicdenoticias.com\/index.php\/wp-json\/wp\/v2\/types\/post"}],"author":[{"embeddable":true,"href":"https:\/\/clicdenoticias.com\/index.php\/wp-json\/wp\/v2\/users\/2"}],"replies":[{"embeddable":true,"href":"https:\/\/clicdenoticias.com\/index.php\/wp-json\/wp\/v2\/comments?post=17989"}],"version-history":[{"count":1,"href":"https:\/\/clicdenoticias.com\/index.php\/wp-json\/wp\/v2\/posts\/17989\/revisions"}],"predecessor-version":[{"id":17991,"href":"https:\/\/clicdenoticias.com\/index.php\/wp-json\/wp\/v2\/posts\/17989\/revisions\/17991"}],"wp:featuredmedia":[{"embeddable":true,"href":"https:\/\/clicdenoticias.com\/index.php\/wp-json\/wp\/v2\/media\/17990"}],"wp:attachment":[{"href":"https:\/\/clicdenoticias.com\/index.php\/wp-json\/wp\/v2\/media?parent=17989"}],"wp:term":[{"taxonomy":"category","embeddable":true,"href":"https:\/\/clicdenoticias.com\/index.php\/wp-json\/wp\/v2\/categories?post=17989"},{"taxonomy":"post_tag","embeddable":true,"href":"https:\/\/clicdenoticias.com\/index.php\/wp-json\/wp\/v2\/tags?post=17989"}],"curies":[{"name":"wp","href":"https:\/\/api.w.org\/{rel}","templated":true}]}}