{"id":18349,"date":"2022-07-26T11:30:07","date_gmt":"2022-07-26T14:30:07","guid":{"rendered":"https:\/\/clicdenoticias.com\/?p=18349"},"modified":"2022-07-26T11:30:07","modified_gmt":"2022-07-26T14:30:07","slug":"tras-decadas-de-abandono-y-vandalismo-una-reliquia-de-la-fundacion-eva-peron-fue-restaurada-en-chapadmalal","status":"publish","type":"post","link":"https:\/\/clicdenoticias.com\/index.php\/2022\/07\/26\/tras-decadas-de-abandono-y-vandalismo-una-reliquia-de-la-fundacion-eva-peron-fue-restaurada-en-chapadmalal\/","title":{"rendered":"TRAS D\u00c9CADAS DE ABANDONO Y VANDALISMO, UNA RELIQUIA DE LA FUNDACI\u00d3N EVA PER\u00d3N FUE RESTAURADA EN CHAPADMALAL"},"content":{"rendered":"\n<p><strong>Una de las obras m\u00e1s destacadas de la Fundaci\u00f3n Eva Per\u00f3n fue la Unidad Tur\u00edstica de Chapadmalal, por la que pasaron miles de argentinos desde 1950 a la fecha. En los primeros a\u00f1os, los visitantes llegaban a bordo de colectivos de la organizaci\u00f3n que llevaba el nombre de la primera dama, quien falleci\u00f3 hace exactamente 70 a\u00f1os.<\/strong><\/p>\n\n\n\n<p>&nbsp; &nbsp;La irrupci\u00f3n de la Revoluci\u00f3n Libertadora y su intento de borrar todo rastro de peronismo hizo que la mayor\u00eda de esos micros fuera destruido, desguazado o vendido. Pero uno logr\u00f3 sobrevivir hasta estos d\u00edas.<\/p>\n\n\n\n<p>&nbsp;&nbsp; Sin embargo, cuando se rompi\u00f3 su motor, a finales de la d\u00e9cada del 90, el Mercedes Benz Typ 0-6600H, azul y blanco, permaneci\u00f3 abandonado dentro de uno de los hoteles del complejo tur\u00edstico. El paso del tiempo, las palomas y los v\u00e1ndalos pusieron en serio riesgo a este veh\u00edculo fabricado enteramente en Alemania en 1947: algunas ventanillas y espejos fueron destruidos y tambi\u00e9n se robaron partes como el logo de la marca germana o algunas de las \u00f3pticas.<\/p>\n\n\n\n<p>&nbsp;&nbsp; Para evitar que el colectivo de la Fundaci\u00f3n Eva Per\u00f3n terminara&nbsp;perdi\u00e9ndose, uno de los trabajadores del complejo tur\u00edstico puso manos a la obra. El encargado de recuperar el brillo de esa joya condenada al olvido fue Daniel Collelo, que desde 2010 trabaja en la Unidad Tur\u00edstica de Chapadmalal restaurando muebles, tanto de madera como de metal.<\/p>\n\n\n\n<p>&nbsp;&nbsp; Gracias a su pasado como due\u00f1o de un taller de chapa y pintura, este hombre de 66 pudo poner a punto al colectivo de la m\u00edtica organizaci\u00f3n peronista. \u00abMe dec\u00edan `\u00bfvas a poder arreglarlo?\u00b4 y yo les dec\u00eda que s\u00ed, estaba confiado, porque sab\u00eda que le iba a poner todo mi amor al proyecto\u00bb, relat\u00f3 Collelo.<\/p>\n\n\n\n<p>&nbsp;&nbsp; \u00abTuve que reconstruir todo a mano, porque no hay repuestos.<br>&nbsp;&nbsp;Hubo que adaptar algunas cosas por repuestos similares. Fue un laburo que hice yo solo, cada tanto con algo de ayuda de mis hijos y nietos\u00bb, cont\u00f3 el trabajador en di\u00e1logo con NA.<\/p>\n\n\n\n<p>&nbsp;&nbsp; La tit\u00e1nica tarea para recuperar al colectivo comenz\u00f3 en agosto de 2021 y termin\u00f3 hace pocos d\u00edas. Como muestra de su dedicaci\u00f3n, Collelo cuenta que para restaurar los tapizados originales y darles su brillo original estuvo cerca de un mes limpi\u00e1ndolos con silicona.<\/p>\n\n\n\n<p>&nbsp;&nbsp; A partir de ahora, el Mercedes Benz ser\u00e1 la joya del \u00abMuseo Eva Per\u00f3n\u00bb, ubicado dentro de la Unidad Tur\u00edstica Chapadmalal: los visitantes podr\u00e1n subir por la puerta delantera y recorrerlo por dentro, para luego descender por la trasera.<\/p>\n\n\n\n<figure class=\"wp-block-table\"><table><tbody><tr><td><\/td><\/tr><\/tbody><\/table><\/figure>\n","protected":false},"excerpt":{"rendered":"<p>Una de las obras m\u00e1s destacadas de la Fundaci\u00f3n Eva Per\u00f3n fue la Unidad Tur\u00edstica de Chapadmalal, por la que pasaron miles de argentinos desde 1950 a la fecha. En los primeros a\u00f1os, los visitantes llegaban a bordo de colectivos de la organizaci\u00f3n que llevaba el nombre de la primera dama, quien falleci\u00f3 hace exactamente [&hellip;]<\/p>\n","protected":false},"author":2,"featured_media":18350,"comment_status":"open","ping_status":"open","sticky":false,"template":"","format":"standard","meta":{"footnotes":""},"categories":[43],"tags":[48],"class_list":["post-18349","post","type-post","status-publish","format-standard","has-post-thumbnail","hentry","category-politica","tag-destacada"],"_links":{"self":[{"href":"https:\/\/clicdenoticias.com\/index.php\/wp-json\/wp\/v2\/posts\/18349","targetHints":{"allow":["GET"]}}],"collection":[{"href":"https:\/\/clicdenoticias.com\/index.php\/wp-json\/wp\/v2\/posts"}],"about":[{"href":"https:\/\/clicdenoticias.com\/index.php\/wp-json\/wp\/v2\/types\/post"}],"author":[{"embeddable":true,"href":"https:\/\/clicdenoticias.com\/index.php\/wp-json\/wp\/v2\/users\/2"}],"replies":[{"embeddable":true,"href":"https:\/\/clicdenoticias.com\/index.php\/wp-json\/wp\/v2\/comments?post=18349"}],"version-history":[{"count":1,"href":"https:\/\/clicdenoticias.com\/index.php\/wp-json\/wp\/v2\/posts\/18349\/revisions"}],"predecessor-version":[{"id":18351,"href":"https:\/\/clicdenoticias.com\/index.php\/wp-json\/wp\/v2\/posts\/18349\/revisions\/18351"}],"wp:featuredmedia":[{"embeddable":true,"href":"https:\/\/clicdenoticias.com\/index.php\/wp-json\/wp\/v2\/media\/18350"}],"wp:attachment":[{"href":"https:\/\/clicdenoticias.com\/index.php\/wp-json\/wp\/v2\/media?parent=18349"}],"wp:term":[{"taxonomy":"category","embeddable":true,"href":"https:\/\/clicdenoticias.com\/index.php\/wp-json\/wp\/v2\/categories?post=18349"},{"taxonomy":"post_tag","embeddable":true,"href":"https:\/\/clicdenoticias.com\/index.php\/wp-json\/wp\/v2\/tags?post=18349"}],"curies":[{"name":"wp","href":"https:\/\/api.w.org\/{rel}","templated":true}]}}