{"id":18655,"date":"2022-08-03T10:05:01","date_gmt":"2022-08-03T13:05:01","guid":{"rendered":"https:\/\/clicdenoticias.com\/?p=18655"},"modified":"2022-08-03T10:05:02","modified_gmt":"2022-08-03T13:05:02","slug":"guillermo-moreno-si-massa-tiene-exito-va-a-ser-candidato-a-presidente-y-jefe-del-peronismo","status":"publish","type":"post","link":"https:\/\/clicdenoticias.com\/index.php\/2022\/08\/03\/guillermo-moreno-si-massa-tiene-exito-va-a-ser-candidato-a-presidente-y-jefe-del-peronismo\/","title":{"rendered":"GUILLERMO MORENO: \u00abSI MASSA TIENE \u00c9XITO VA A SER CANDIDATO A PRESIDENTE Y JEFE DEL PERONISMO\u00bb"},"content":{"rendered":"\n<p><strong>El ex secretario de Comercio Interior Guillermo Moreno remarc\u00f3 que \u00absi Sergio Massa tiene \u00e9xito\u00bb como \u00absuperministro\u00bb \u00abva a ser el candidato a presidente el a\u00f1o que viene y jefe del peronismo, que es mucho m\u00e1s\u00bb, al tiempo que todo el partido deber\u00e1 \u00abacompa\u00f1ar\u00bb.<\/strong><\/p>\n\n\n\n<p>&nbsp; &nbsp;\u00abSi tiene \u00e9xito va a ser candidato a presidente del peronismo indiscutido y va a ser jefe del peronismo, que es mucho m\u00e1s que ser presidente. Ahora, sino es un irresponsable. Est\u00e1 entre el bronce y devoto, dir\u00edamos\u00bb, precis\u00f3 Moreno .<\/p>\n\n\n\n<p>&nbsp;&nbsp; Respecto a su posible postulaci\u00f3n para ser mandatario nacional, asegur\u00f3 que \u00abel peronismo tiene que tener un candidato de la doctrina\u00bb, pero aclar\u00f3 que \u00absi Massa tiene estos primeros seis meses exitosos no hay sentido\u00bb presentarse \u00aby todos\u00bb tendr\u00e1n que \u00abacompa\u00f1ar\u00bb.<\/p>\n\n\n\n<p>&nbsp;&nbsp; \u00abPara ser ministro de Econom\u00eda en la Argentina son 50 a\u00f1os de vida como m\u00ednimo y Sergio Massa tiene 49. Pero ten\u00e9s que tener formaci\u00f3n y haber administrado algo en tu vida, como un negocio en el sector privado\u00bb, sostuvo Moreno en declaraciones al programa \u00abATP\u00bb, que se emite por radio online \u00abTU\u00bb.<\/p>\n\n\n\n<p>&nbsp;&nbsp; Sobre el ex presidente de la C\u00e1mara de Diputados, el ex funcionario kirchnerista indic\u00f3: \u00abEs un abogado que se acaba de recibir, bueno es un audaz. Le deseo la m\u00e1xima de las suertes.<\/p>\n\n\n\n<p>&nbsp;&nbsp;Pero ojo que la distancia entre ser audaz e irresponsable es el fruto que das\u00bb.<br>&nbsp;&nbsp; \u00abTengo dudas, pero le deseo la m\u00e1xima de las suertes. No s\u00e9 si alguna vez administr\u00f3 un negocio, porque si no administraste un negocio que pod\u00e9s saber de comercio\u00bb, se\u00f1al\u00f3.<\/p>\n\n\n\n<p>&nbsp;&nbsp; En ese sentido, a\u00f1adi\u00f3: \u00abHay un conocimiento te\u00f3rico que est\u00e1 muy bien, pero la pr\u00e1ctica es infinitamente superior a la teor\u00eda y m\u00e1s en la disciplina econ\u00f3mica, en la que es muy f\u00e1cil de aprender. Son materias sencillas, no es veterinaria, f\u00edsica nuclear o medicina. Es muy f\u00e1cil de estudiar y aprender, pero muy dif\u00edcil de aplicar\u00bb.<\/p>\n\n\n\n<p>&nbsp;&nbsp; Respecto a la conferencia que dar\u00e1 Massa, el ex secretario de Comercio Interior afirm\u00f3: \u00abHay un desaf\u00edo que vamos a tener a partir de los anuncios\u00bb.<\/p>\n\n\n\n<p>&nbsp;&nbsp; \u00abCon algunos integrantes del equipo de Massa estamos en las ant\u00edpodas, pero estamos prejuzgando. Por ah\u00ed cambiaron. Vamos a ver, porque al \u00e1rbol se lo conoce por sus frutos\u00bb, se\u00f1al\u00f3.<\/p>\n\n\n\n<p>&nbsp;&nbsp; Y agreg\u00f3: \u00abEste es un gobierno socialdem\u00f3crata no es peronista y yo no trabajo en un gobierno que no sea peronista. La concepci\u00f3n del gobierno responde a la escuela econ\u00f3mica austriaca, a la cual arriban tanto la neoliberal como la socialdem\u00f3crata, algo que es opuesto al peronismo\u00bb.<\/p>\n\n\n\n<p>&nbsp;&nbsp; \u00abEl peronismo tiene m\u00e1s puntos de uni\u00f3n con un liberal o marxista que con un socialdem\u00f3crata o neoliberal. Los dos \u00faltimos a\u00f1os de Mauricio Macri fueron neoliberales y los de Alberto Fern\u00e1ndez son socialdem\u00f3crata\u00bb, precis\u00f3.<\/p>\n","protected":false},"excerpt":{"rendered":"<p>El ex secretario de Comercio Interior Guillermo Moreno remarc\u00f3 que \u00absi Sergio Massa tiene \u00e9xito\u00bb como \u00absuperministro\u00bb \u00abva a ser el candidato a presidente el a\u00f1o que viene y jefe del peronismo, que es mucho m\u00e1s\u00bb, al tiempo que todo el partido deber\u00e1 \u00abacompa\u00f1ar\u00bb. &nbsp; &nbsp;\u00abSi tiene \u00e9xito va a ser candidato a presidente del [&hellip;]<\/p>\n","protected":false},"author":2,"featured_media":18656,"comment_status":"open","ping_status":"open","sticky":false,"template":"","format":"standard","meta":{"footnotes":""},"categories":[43],"tags":[],"class_list":["post-18655","post","type-post","status-publish","format-standard","has-post-thumbnail","hentry","category-politica"],"_links":{"self":[{"href":"https:\/\/clicdenoticias.com\/index.php\/wp-json\/wp\/v2\/posts\/18655","targetHints":{"allow":["GET"]}}],"collection":[{"href":"https:\/\/clicdenoticias.com\/index.php\/wp-json\/wp\/v2\/posts"}],"about":[{"href":"https:\/\/clicdenoticias.com\/index.php\/wp-json\/wp\/v2\/types\/post"}],"author":[{"embeddable":true,"href":"https:\/\/clicdenoticias.com\/index.php\/wp-json\/wp\/v2\/users\/2"}],"replies":[{"embeddable":true,"href":"https:\/\/clicdenoticias.com\/index.php\/wp-json\/wp\/v2\/comments?post=18655"}],"version-history":[{"count":1,"href":"https:\/\/clicdenoticias.com\/index.php\/wp-json\/wp\/v2\/posts\/18655\/revisions"}],"predecessor-version":[{"id":18657,"href":"https:\/\/clicdenoticias.com\/index.php\/wp-json\/wp\/v2\/posts\/18655\/revisions\/18657"}],"wp:featuredmedia":[{"embeddable":true,"href":"https:\/\/clicdenoticias.com\/index.php\/wp-json\/wp\/v2\/media\/18656"}],"wp:attachment":[{"href":"https:\/\/clicdenoticias.com\/index.php\/wp-json\/wp\/v2\/media?parent=18655"}],"wp:term":[{"taxonomy":"category","embeddable":true,"href":"https:\/\/clicdenoticias.com\/index.php\/wp-json\/wp\/v2\/categories?post=18655"},{"taxonomy":"post_tag","embeddable":true,"href":"https:\/\/clicdenoticias.com\/index.php\/wp-json\/wp\/v2\/tags?post=18655"}],"curies":[{"name":"wp","href":"https:\/\/api.w.org\/{rel}","templated":true}]}}