{"id":18727,"date":"2022-08-04T13:33:36","date_gmt":"2022-08-04T16:33:36","guid":{"rendered":"https:\/\/clicdenoticias.com\/?p=18727"},"modified":"2022-08-04T13:33:37","modified_gmt":"2022-08-04T16:33:37","slug":"convocan-a-una-marcha-en-san-clemente-del-tuyu-contra-el-pedido-de-fabian-tablado-de-radicarse-alli","status":"publish","type":"post","link":"https:\/\/clicdenoticias.com\/index.php\/2022\/08\/04\/convocan-a-una-marcha-en-san-clemente-del-tuyu-contra-el-pedido-de-fabian-tablado-de-radicarse-alli\/","title":{"rendered":"CONVOCAN A UNA MARCHA EN SAN CLEMENTE DEL TUY\u00da CONTRA EL PEDIDO DE FABI\u00c1N TABLADO DE RADICARSE ALL\u00cd"},"content":{"rendered":"\n<p>Vecinos y vecinas de San Clemente del Tuy\u00fa convocaron a una marcha a realizarse el pr\u00f3ximo lunes para oponerse al pedido de Fabi\u00e1n Tablado de radicarse en esa localidad bonaerense.<br>A la convocatoria de la marcha se sum\u00f3 la declaraci\u00f3n del Concejo Deliberante, que proclam\u00f3 \u00abpersona no grata\u00bb a Tablado, acto que recibi\u00f3 el apoyo de Edgardo Al\u00f3, padre de Carolina Al\u00f3, quien fue asesinada de 113 pu\u00f1aladas por Tablado, y por el intendente Cristian Cardozo.<br>\u00abHay que ponerse de pie y aplaudir a la gente de San Clemente y de toda La Costa y tambi\u00e9n a los organismos Municipales por la r\u00e1pida acci\u00f3n de toda una comunidad. Son un ejemplo a imitar. La gente de Bel Ville estuvo 7 meses pidiendo no tenerlo en el lugar y nadie les dio bola\u00bb, dijo Al\u00f3 declaraciones radiales.<br>La marcha est\u00e1 anunciada para el lunes a las 15 en la Plaza de las Banderas, ubicada en pleno centro de San Clemente.<br>En tanto, se supo que el Concejo Deliberante de esa localidad fund\u00f3 su repudio contra Tablado en el femicidio de Al\u00f3 y en el hecho de que \u00abno s\u00f3lo no mostr\u00f3 arrepentimiento, sino que sigui\u00f3 infringiendo la ley\u00bb, ya que fue condenado nuevamente por violar restricciones perimetrales.<br>Esta semana Tablado fue nuevamente noticia debido a que trascendi\u00f3 que hab\u00eda sido denunciado por violencia de g\u00e9nero contra su nueva pareja con la que conviv\u00eda en la ciudad cordobesa de Bell Ville.<br>Sin embargo, \u00e9l habl\u00f3 ante la prensa y neg\u00f3 la existencia de esa denuncia.<br>\u00abLas personas que denuncian son algunos vecinos, no todos.<br>Estoy acarreando con una condena social y mi vida es un calvario.<br>Voy a ponerme a disposici\u00f3n de la Justicia\u00bb, asegur\u00f3 Tablado.<br>En di\u00e1logo con A24, asegur\u00f3 que su \u00faltima pareja \u00aben ning\u00fan momento formul\u00f3 una denuncia ni tiene la intenci\u00f3n de hacerlo\u00bb y ley\u00f3 lo que ser\u00eda la actuaci\u00f3n judicial.<br>\u00abEn el d\u00eda de la fecha, esto fue el viernes 29 de julio, en el momento en el que estaban en el comedor, la deponente explota por la raz\u00f3n que ella limpia todo y Fabi\u00e1n no hacia nada, siendo la declarante la \u00fanica que gritaba ya que Fabi\u00e1n era indiferente a la situaci\u00f3n produciendo que la declarante se alterara aun m\u00e1s, pero no hubo forcejeos ni maltratos. Luego lleg\u00f3 personal policial manifestando que un vecino denunci\u00f3 los gritos\u00bb, relat\u00f3, y sigui\u00f3: \u00abY que la deponente no ten\u00eda ninguna intenci\u00f3n de hacer ninguna denuncia y tampoco Fabi\u00e1n. Esto es lo que dice el expediente\u00bb.<br>Al dar su versi\u00f3n de los hechos, Tablado cont\u00f3 que nunca pudo vivir tranquilo desde su llegada a esa localidad cordobesa: \u00abLos vecinos no quer\u00edan que estuviera ac\u00e1 por la condena social que pesa contra m\u00ed\u00bb.<br>Tras esos hechos, el Concejo Deliberante lo declar\u00f3 persona no grata, ya que tambi\u00e9n se supo que coment\u00f3 ante el Juzgado de Tigre sus intenciones de mudarse a San Clemente del Tuy\u00fa junto a su madre; y un grupo de vecinos y vecinas convocaron a la marcha.<br>Tablado recuper\u00f3 su libertad en diciembre pasado, tras cumplir un a\u00f1o de prisi\u00f3n efectiva luego de ser condenado en un juicio por dos hechos de \u00abdesobediencia\u00bb, debido a que en 2020 viol\u00f3 dos perimetrales que ten\u00eda con sus hijas mellizas y con Edgardo Al\u00f3.<\/p>\n","protected":false},"excerpt":{"rendered":"<p>Vecinos y vecinas de San Clemente del Tuy\u00fa convocaron a una marcha a realizarse el pr\u00f3ximo lunes para oponerse al pedido de Fabi\u00e1n Tablado de radicarse en esa localidad bonaerense.A la convocatoria de la marcha se sum\u00f3 la declaraci\u00f3n del Concejo Deliberante, que proclam\u00f3 \u00abpersona no grata\u00bb a Tablado, acto que recibi\u00f3 el apoyo de [&hellip;]<\/p>\n","protected":false},"author":1,"featured_media":18728,"comment_status":"open","ping_status":"open","sticky":false,"template":"","format":"standard","meta":{"footnotes":""},"categories":[45],"tags":[],"class_list":["post-18727","post","type-post","status-publish","format-standard","has-post-thumbnail","hentry","category-sociedad"],"_links":{"self":[{"href":"https:\/\/clicdenoticias.com\/index.php\/wp-json\/wp\/v2\/posts\/18727","targetHints":{"allow":["GET"]}}],"collection":[{"href":"https:\/\/clicdenoticias.com\/index.php\/wp-json\/wp\/v2\/posts"}],"about":[{"href":"https:\/\/clicdenoticias.com\/index.php\/wp-json\/wp\/v2\/types\/post"}],"author":[{"embeddable":true,"href":"https:\/\/clicdenoticias.com\/index.php\/wp-json\/wp\/v2\/users\/1"}],"replies":[{"embeddable":true,"href":"https:\/\/clicdenoticias.com\/index.php\/wp-json\/wp\/v2\/comments?post=18727"}],"version-history":[{"count":1,"href":"https:\/\/clicdenoticias.com\/index.php\/wp-json\/wp\/v2\/posts\/18727\/revisions"}],"predecessor-version":[{"id":18729,"href":"https:\/\/clicdenoticias.com\/index.php\/wp-json\/wp\/v2\/posts\/18727\/revisions\/18729"}],"wp:featuredmedia":[{"embeddable":true,"href":"https:\/\/clicdenoticias.com\/index.php\/wp-json\/wp\/v2\/media\/18728"}],"wp:attachment":[{"href":"https:\/\/clicdenoticias.com\/index.php\/wp-json\/wp\/v2\/media?parent=18727"}],"wp:term":[{"taxonomy":"category","embeddable":true,"href":"https:\/\/clicdenoticias.com\/index.php\/wp-json\/wp\/v2\/categories?post=18727"},{"taxonomy":"post_tag","embeddable":true,"href":"https:\/\/clicdenoticias.com\/index.php\/wp-json\/wp\/v2\/tags?post=18727"}],"curies":[{"name":"wp","href":"https:\/\/api.w.org\/{rel}","templated":true}]}}