{"id":18730,"date":"2022-08-04T13:38:29","date_gmt":"2022-08-04T16:38:29","guid":{"rendered":"https:\/\/clicdenoticias.com\/?p=18730"},"modified":"2022-08-04T13:38:29","modified_gmt":"2022-08-04T16:38:29","slug":"fuerte-apoyo-empresarial-a-massa-va-a-apuntalar-la-recuperacion-economica","status":"publish","type":"post","link":"https:\/\/clicdenoticias.com\/index.php\/2022\/08\/04\/fuerte-apoyo-empresarial-a-massa-va-a-apuntalar-la-recuperacion-economica\/","title":{"rendered":"FUERTE APOYO EMPRESARIAL A MASSA: \u00abVA A APUNTALAR LA RECUPERACI\u00d3N ECON\u00d3MICA\u00bb"},"content":{"rendered":"\n<p>Empresarios resaltaron que la asunci\u00f3n de Sergio Massa en el Ministerio de Econom\u00eda implica la llegada de un \u00abpol\u00edtico inteligente\u00bb a ese cargo, y confiaron en que pueda \u00abapuntalar la recuperaci\u00f3n econ\u00f3mica\u00bb.<br>\u00abMassa es un trabajador incansable. Conozco a Sergio hace 25 a\u00f1os y me consta que siempre estuvo abierto al di\u00e1logo con todos los sectores productivos y sociales, escuchando y obteniendo las herramientas para estar mejor preparado para buscar las soluciones de los problemas argentinos\u00bb. Hay que valorar especialmente su decisi\u00f3n de comprometerse con el pa\u00eds en un momento tan dif\u00edcil\u00bb, sostuvo el presidente de Pampa Energ\u00eda, Marcelo Mindlind.<br>En tanto, el presidente de la Uni\u00f3n Industrial Argentina (UIA) Daniel Funes de Rioja, indic\u00f3: \u00abEste reordenamiento de las funciones era conveniente teniendo en cuenta el contexto nacional e internacional. Es clave el encontrar el camino para lograr previsibilidad macroecon\u00f3mica con una pol\u00edtica fiscal que no se resuelva aumentando impuestos, sino con una administraci\u00f3n eficiente. Todo esto acompa\u00f1ado de una pol\u00edtica monetaria y cambiaria que reduzca la inflaci\u00f3n\u00bb.<br>De todas maneras, el titular de la UIA record\u00f3 que \u00abtodo proceso de desarrollo industrial requiere de divisas para equipamiento e insumos\u00bb, a lo que pidi\u00f3 \u00abcontar con estrategias de acumulaci\u00f3n de reservas\u00bb.<br>En la misma sinton\u00eda se expres\u00f3 Mario Grinman, presidente de la C\u00e1mara de Comercio: consider\u00f3 que las medidas hablan de un \u00abpol\u00edtico inteligente y conocedor que ha tomado una apuesta riesgosa\u00bb. .<br>Sin embargo, plante\u00f3 algunas dudas: \u00abConocemos su capacidad, pero hay muchas inc\u00f3gnitas. Si el Gobierno sigue con sus diferencias internas se le va a hacer muy dif\u00edcil. En la l\u00ednea que acaba de expresar, nosotros lo vamos a acompa\u00f1ar\u00bb.<br>\u00abMassa plante\u00f3 una defensa del orden fiscal y del rol del sector agr\u00edcola en la sociedad argentina. Eso demuestra su intenci\u00f3n de avanzar en un sentido racional\u00bb, agreg\u00f3 el directivo.<br>Por su parte, para el director gerente del Bank of America- Merrill Lynch para el Cono Sur, Sebasti\u00e1n Loketek, se\u00f1al\u00f3: \u00abEl mercado le dar\u00e1 una posibilidad a Massa ya que el discurso fue positivo. Era importante que diera este primer mensaje\u00bb.<br>Tambi\u00e9n se pronunci\u00f3 el presidente de Industriales Pymes Argentinos (IPA), Daniel Rosato, quien consider\u00f3 que con Massa llegar\u00e1 \u00abla normalizaci\u00f3n de las variables financieras para apuntalar la recuperaci\u00f3n econ\u00f3mica\u00bb.<br>\u00abDesde IPA estamos esperanzados en que la renovaci\u00f3n del gabinete aportar\u00e1 tranquilidad a los mercados financieros para poder concentrar toda la energ\u00eda en la econom\u00eda real, con eje en la producci\u00f3n nacional. Sabemos que Massa conoce esa realidad y tiene un compromiso con las pymes nacionales\u00bb, sostuvo el dirigente.<br>Rosato adelant\u00f3 que le acercar\u00e1 propuestas al secretario de Producci\u00f3n, Jos\u00e9 de Mendiguren, y destac\u00f3, entre ellas, la creaci\u00f3n de la Mesa de Di\u00e1logo Pyme para que las f\u00e1bricas peque\u00f1as y medianas puedan tener voz en el dise\u00f1o de las pol\u00edticas del sector. .<br>\u00abEstamos confiados en que el perfil conciliador y de di\u00e1logo permanente que tiene de Mendiguren se pueda institucionalizar para que las pymes tengan por primera vez y para siempre un lugar en la mesa de di\u00e1logo tripartito\u00bb, afirm\u00f3.<\/p>\n","protected":false},"excerpt":{"rendered":"<p>Empresarios resaltaron que la asunci\u00f3n de Sergio Massa en el Ministerio de Econom\u00eda implica la llegada de un \u00abpol\u00edtico inteligente\u00bb a ese cargo, y confiaron en que pueda \u00abapuntalar la recuperaci\u00f3n econ\u00f3mica\u00bb.\u00abMassa es un trabajador incansable. Conozco a Sergio hace 25 a\u00f1os y me consta que siempre estuvo abierto al di\u00e1logo con todos los sectores [&hellip;]<\/p>\n","protected":false},"author":1,"featured_media":18731,"comment_status":"open","ping_status":"open","sticky":false,"template":"","format":"standard","meta":{"footnotes":""},"categories":[44],"tags":[],"class_list":["post-18730","post","type-post","status-publish","format-standard","has-post-thumbnail","hentry","category-economia"],"_links":{"self":[{"href":"https:\/\/clicdenoticias.com\/index.php\/wp-json\/wp\/v2\/posts\/18730","targetHints":{"allow":["GET"]}}],"collection":[{"href":"https:\/\/clicdenoticias.com\/index.php\/wp-json\/wp\/v2\/posts"}],"about":[{"href":"https:\/\/clicdenoticias.com\/index.php\/wp-json\/wp\/v2\/types\/post"}],"author":[{"embeddable":true,"href":"https:\/\/clicdenoticias.com\/index.php\/wp-json\/wp\/v2\/users\/1"}],"replies":[{"embeddable":true,"href":"https:\/\/clicdenoticias.com\/index.php\/wp-json\/wp\/v2\/comments?post=18730"}],"version-history":[{"count":1,"href":"https:\/\/clicdenoticias.com\/index.php\/wp-json\/wp\/v2\/posts\/18730\/revisions"}],"predecessor-version":[{"id":18732,"href":"https:\/\/clicdenoticias.com\/index.php\/wp-json\/wp\/v2\/posts\/18730\/revisions\/18732"}],"wp:featuredmedia":[{"embeddable":true,"href":"https:\/\/clicdenoticias.com\/index.php\/wp-json\/wp\/v2\/media\/18731"}],"wp:attachment":[{"href":"https:\/\/clicdenoticias.com\/index.php\/wp-json\/wp\/v2\/media?parent=18730"}],"wp:term":[{"taxonomy":"category","embeddable":true,"href":"https:\/\/clicdenoticias.com\/index.php\/wp-json\/wp\/v2\/categories?post=18730"},{"taxonomy":"post_tag","embeddable":true,"href":"https:\/\/clicdenoticias.com\/index.php\/wp-json\/wp\/v2\/tags?post=18730"}],"curies":[{"name":"wp","href":"https:\/\/api.w.org\/{rel}","templated":true}]}}