{"id":1915,"date":"2021-05-10T20:29:30","date_gmt":"2021-05-10T20:29:30","guid":{"rendered":"https:\/\/clickdenoticias.com.ar\/?p=1915"},"modified":"2021-05-10T20:29:30","modified_gmt":"2021-05-10T20:29:30","slug":"fuerte-rechazo-de-juntos-por-el-cambio-al-proyecto-de-restricciones-del-gobierno","status":"publish","type":"post","link":"https:\/\/clicdenoticias.com\/index.php\/2021\/05\/10\/fuerte-rechazo-de-juntos-por-el-cambio-al-proyecto-de-restricciones-del-gobierno\/","title":{"rendered":"FUERTE RECHAZO DE JUNTOS POR EL CAMBIO AL PROYECTO DE RESTRICCIONES DEL GOBIERNO"},"content":{"rendered":"\n<p><strong>Los principales referentes de&nbsp;Juntos por el Cambio se reunieron hoy de manera virtual y&nbsp;rechazaron duramente el proyecto que presentar\u00e1 el Gobierno&nbsp;para regular las restricciones en el marco de la pandemia.<\/strong><\/p>\n\n\n\n<p>&nbsp; &nbsp;Entre los presentes estuvieron el ex presidente Mauricio Macri;&nbsp;el jefe de Gobierno porte\u00f1o, Horacio Rodr\u00edguez Larreta; el titular&nbsp;de la UCR, Alfredo Cornejo; la presidenta del PRO, Patricia&nbsp;Bullrich; el jefe de la Coalici\u00f3n C\u00edvica, Maximiliano Ferraro; los&nbsp;senadores Luis Naidenoff y Mart\u00edn Lousteau; y los diputados Cristian Ritondo, Mario Negri y Juan Manuel L\u00f3pez.<\/p>\n\n\n\n<p>&nbsp;&nbsp; La reuni\u00f3n se centr\u00f3 en el proyecto que este lunes tiene&nbsp;previsto presentar el oficialismo en el Congreso (lo m\u00e1s probable en el Senado) para establecer&nbsp;los criterios cient\u00edficos que regular\u00e1n las restricciones futuras.<\/p>\n\n\n\n<p>&nbsp;&nbsp; El Frente de Todos quiere un r\u00e1pido tratamiento en el&nbsp;Parlamento y ya comenz\u00f3 las negociaciones con los bloques&nbsp;opositores m\u00e1s peque\u00f1os, mientras que Juntos por el Cambio&nbsp;anticip\u00f3 su rechazo y advirti\u00f3 que el texto podr\u00eda contener&nbsp;\u00absuperpoderes\u00bb.<\/p>\n\n\n\n<p>&nbsp;&nbsp; El presidente del interbloque Juntos por el Cambio de la C\u00e1mara de Diputados, Mario Negri, adelant\u00f3 que no van a \u00abvotar superpoderes para el Presidente\u00bb.<\/p>\n\n\n\n<p>&nbsp;&nbsp; \u00abDesde que asumi\u00f3 gobierna con leyes de emergencia, facultades delegadas y a puro DNU. Los resultados est\u00e1n a la vista: p\u00e9sima gesti\u00f3n de la pandemia y de la econom\u00eda. La emergencia no est\u00e1 por encima de la Constituci\u00f3n Nacional\u00bb, afirm\u00f3 el radical cordob\u00e9s.<\/p>\n\n\n\n<p>&nbsp;&nbsp; En la misma sinton\u00eda, el presidente de la UCR y diputado nacional por Alfredo Cornejo, asegur\u00f3 que desde Juntos por el Cambio no le van a \u00abotorgar m\u00e1s poder\u00bb al jefe de Estado.<\/p>\n\n\n\n<p>&nbsp;&nbsp; \u00abLa estrategia sanitaria del Gobierno fall\u00f3 a pesar de tener el&nbsp;poder necesario. No le vamos a otorgar m\u00e1s poder a @alferdez. Lo&nbsp;que s\u00ed necesita es una gesti\u00f3n clara consiguiendo las vacunas para&nbsp;todos los argentinos\u00bb, afirm\u00f3 el mendocino&nbsp;en su cuenta de la red&nbsp;social Twitter, ya recuperado tras haber estado internado por&nbsp;coronavirus.<\/p>\n\n\n\n<p>&nbsp;&nbsp; Seg\u00fan supo NA de fuentes de Juntos por el Cambio, para la pr\u00f3xima semana esa fuerza prepara una reuni\u00f3n presencial entre sus&nbsp;principales l\u00edderes para acomodar la estrategia que adoptar\u00e1n&nbsp;frente al tratamiento de este proyecto.<\/p>\n\n\n\n<p>&nbsp;&nbsp; El encuentro tendr\u00e1 lugar el martes o mi\u00e9rcoles de la semana&nbsp;que viene en un lugar a confirmar.<\/p>\n\n\n\n<p>&nbsp;&nbsp; En el espacio opositor coinciden en que el oficialismo podr\u00eda&nbsp;tener la mayor\u00eda en Diputados para poder avanzar con el proyecto,&nbsp;por lo que buscan definir los pasos a seguir.<\/p>\n\n\n\n<p>&nbsp;&nbsp; Antes de que el Gobierno Nacional env\u00ede el proyecto al Congreso, su anuncio gener\u00f3 fuertes reparos en la oposici\u00f3n, que afirma que no le dar\u00e1 al presidente Alberto Fern\u00e1ndez \u00absuperpoderes\u00bb para manejar la pandemia.<\/p>\n\n\n\n<p>&nbsp;&nbsp; \u00abQueremos sancionar la ley lo antes posible. Es decir, la idea es esta misma semana trabajarlo en comisiones. La comisi\u00f3n de cabecera seguramente ser\u00e1 la de Salud P\u00fablica\u00bb, indic\u00f3 el diputado nacional oficialista Leopoldo Moreau este lunes en di\u00e1logo con Radio Colonia.<\/p>\n\n\n\n<p>&nbsp;&nbsp; Desde la oposici\u00f3n advierten que el clima en el que se da el env\u00edo del proyecto, que es una intensa disputa entre el Gobierno Nacional y el de la Ciudad de Buenos Aires para fijar restricciones a la circulaci\u00f3n no es el adecuado para esta discusi\u00f3n.<\/p>\n\n\n\n<p>&nbsp;&nbsp; \u00abSi vamos a discutir una ley marco para resolver el pase de factura del Gobierno nacional a la Ciudad, estaremos en contra\u00bb, afirm\u00f3 el jefe de los senadores de Juntos por el Cambio, Luis Naidenoff (UCR-Formosa).<\/p>\n\n\n\n<p>&nbsp;&nbsp; \u00abSi el proyecto dice que cuando en determinada provincia hay determinado nivel de contagios es el Gobierno Nacional el que determina si hay clases o no hay clases, por supuesto que vamos a estar en contra\u00bb, sostuvo el diputado Tonelli.<\/p>\n\n\n\n<p>&nbsp;&nbsp; Desde Casa Rosada remarcaron que la idea es darle un sustento \u00absanitario\u00bb a las decisiones que toma el presidente Alberto Fern\u00e1ndez.<\/p>\n\n\n\n<p>&nbsp;&nbsp; A su vez, la iniciativa incluir\u00e1 una serie de sanciones a aplicar para aquellas jurisdicciones que no cumplan ni hagan cumplir las restricciones marcadas, lo que puede generar una intensificaci\u00f3n de la disputa con la Ciudad de Buenos Aires.<\/p>\n","protected":false},"excerpt":{"rendered":"<p>Los principales referentes de&nbsp;Juntos por el Cambio se reunieron hoy de manera virtual y&nbsp;rechazaron duramente el proyecto que presentar\u00e1 el Gobierno&nbsp;para regular las restricciones en el marco de la pandemia. &nbsp; &nbsp;Entre los presentes estuvieron el ex presidente Mauricio Macri;&nbsp;el jefe de Gobierno porte\u00f1o, Horacio Rodr\u00edguez Larreta; el titular&nbsp;de la UCR, Alfredo Cornejo; la presidenta [&hellip;]<\/p>\n","protected":false},"author":2,"featured_media":1916,"comment_status":"open","ping_status":"open","sticky":false,"template":"","format":"standard","meta":{"footnotes":""},"categories":[43],"tags":[],"class_list":["post-1915","post","type-post","status-publish","format-standard","has-post-thumbnail","hentry","category-politica"],"_links":{"self":[{"href":"https:\/\/clicdenoticias.com\/index.php\/wp-json\/wp\/v2\/posts\/1915","targetHints":{"allow":["GET"]}}],"collection":[{"href":"https:\/\/clicdenoticias.com\/index.php\/wp-json\/wp\/v2\/posts"}],"about":[{"href":"https:\/\/clicdenoticias.com\/index.php\/wp-json\/wp\/v2\/types\/post"}],"author":[{"embeddable":true,"href":"https:\/\/clicdenoticias.com\/index.php\/wp-json\/wp\/v2\/users\/2"}],"replies":[{"embeddable":true,"href":"https:\/\/clicdenoticias.com\/index.php\/wp-json\/wp\/v2\/comments?post=1915"}],"version-history":[{"count":1,"href":"https:\/\/clicdenoticias.com\/index.php\/wp-json\/wp\/v2\/posts\/1915\/revisions"}],"predecessor-version":[{"id":1917,"href":"https:\/\/clicdenoticias.com\/index.php\/wp-json\/wp\/v2\/posts\/1915\/revisions\/1917"}],"wp:featuredmedia":[{"embeddable":true,"href":"https:\/\/clicdenoticias.com\/index.php\/wp-json\/wp\/v2\/media\/1916"}],"wp:attachment":[{"href":"https:\/\/clicdenoticias.com\/index.php\/wp-json\/wp\/v2\/media?parent=1915"}],"wp:term":[{"taxonomy":"category","embeddable":true,"href":"https:\/\/clicdenoticias.com\/index.php\/wp-json\/wp\/v2\/categories?post=1915"},{"taxonomy":"post_tag","embeddable":true,"href":"https:\/\/clicdenoticias.com\/index.php\/wp-json\/wp\/v2\/tags?post=1915"}],"curies":[{"name":"wp","href":"https:\/\/api.w.org\/{rel}","templated":true}]}}