{"id":192,"date":"2021-03-12T18:18:26","date_gmt":"2021-03-12T18:18:26","guid":{"rendered":"https:\/\/clickdenoticias.com.ar\/?p=192"},"modified":"2021-03-12T18:18:28","modified_gmt":"2021-03-12T18:18:28","slug":"ganancias-massa-y-maximo-kirchner-recibieron-a-pablo-moyano-y-otros-referentes-del-frente-sindical","status":"publish","type":"post","link":"https:\/\/clicdenoticias.com\/index.php\/2021\/03\/12\/ganancias-massa-y-maximo-kirchner-recibieron-a-pablo-moyano-y-otros-referentes-del-frente-sindical\/","title":{"rendered":"GANANCIAS: MASSA Y M\u00c1XIMO KIRCHNER RECIBIERON A PABLO MOYANO Y OTROS REFERENTES DEL FRENTE SINDICAL"},"content":{"rendered":"\n<p><strong>El presidente de la C\u00e1mara de Diputados, Sergio Massa, el titular del bloque del Frente de Todos, M\u00e1ximo Kirchner, y otros referentes de la bancada oficialista recibieron ayer en el Congreso al secretario adjunto de Camioneros, Pablo Moyano, y a otros referentes del Frente Sindical para el Modelo Nacional, con quienes debatieron el nuevo proyecto sobre el impuesto a las Ganancias.<\/strong><\/p>\n\n\n\n<p>Este encuentro, que se desarroll\u00f3 en el Sal\u00f3n Delia Parodi de la C\u00e1mara baja, se suma a las que Massa y Kirchner ya hab\u00edan mantenido con referentes de la CGT, y con una docena de diputados de extracci\u00f3n sindical.<\/p>\n\n\n\n<p>Adem\u00e1s de Pablo Moyano, estuvieron presentes Mario Manrique (SMATA), Omar Plaini (Canillitas), Ra\u00fal Durdos (SOMU),Sergio S\u00e1nchez (Peajes), Daniel Ricci (FEDUM), Miguel D\u00edaz (UDOCBA), Diego Corval\u00e1n (SUPA) y Juan Carlos Moreyra (Ceramistas), entre otros.<\/p>\n\n\n\n<p>Junto a Massa y M\u00e1ximo Kirchner estuvieron la vicejefa de la bancada oficialista, Cecilia Moreau; el presidente de la comisi\u00f3n de Presupuesto, Carlos Heller; la titular de la comisi\u00f3n de Legislaci\u00f3n del Trabajo, Vanesa Silley; y los diputados de origen gremial Facundo Moyano, Walter Correa y Daniela Vilar.<\/p>\n\n\n\n<p>Durante el encuentro, se repasaron los principales cambios que se incorporaron al proyecto original de reforma del impuesto a las Ganancias, como las exenciones del Salario Anual Complementario (aguinaldo), la retroactividad al 1 de enero de los efectos de la norma (habilitando reintegros por lo retenido en los primeros meses del a\u00f1o), y las deducciones por concubinato (y no necesariamente conyugue como establece la legislaci\u00f3n vigente).<\/p>\n\n\n\n<p>La iniciativa apunta a elevar el m\u00ednimo no imponible de trabajadores asalariados a 150.000 pesos brutos, en tanto que el piso para jubilados pasar\u00e1 de 6 a 8 haberes m\u00ednimos, lo que en la actualidad representa 152.280 pesos.<\/p>\n\n\n\n<p>La medida beneficiar\u00e1, de acuerdo a estimaciones oficiales, a 1.260.000 trabajadores y jubilados, que dejar\u00edan de pagar el impuesto.<\/p>\n\n\n\n<p>Este martes fue el puntapi\u00e9 inicial del debate con una reuni\u00f3n informativa que se desarroll\u00f3 en un plenario de las comisiones de Presupuesto y Hacienda, y Legislaci\u00f3n del Trabajo, en el que expusieron el ministro de Trabajo, Claudio Moroni; la titular de la AFIP, Mercedes Marc\u00f3 del Pont; y el secretario de Pol\u00edtica Tributaria, Roberto Arias.<\/p>\n\n\n\n<p>Curiosamente, antes de reunirse con los jefes gremiales del Frente Sindical Massa se hab\u00eda presentado en el Consejo de las Am\u00e9ricas ante representantes de la contraparte en las relaciones laborales: frente a casi 100 empresarios, el ex intendente de Tigre mencion\u00f3 que en la c\u00e1mara que preside hay en agenda varios proyectos que apuntan al alivio fiscal de diferentes sectores.<\/p>\n\n\n\n<p>Por otra parte, vaticin\u00f3 que la actividad econ\u00f3mica trepar\u00e1 un 7% este a\u00f1o, casi dos puntos por encima de lo que estim\u00f3 el Gobierno en su plan de presupuesto.<\/p>\n\n\n\n<p>Y tambi\u00e9n busc\u00f3 tranquilizar a su audiencia al sostener que el acuerdo con el Fondo Monetario Internacional deber\u00eda cerrarse este a\u00f1o, en medio de dilaciones en las tratativas oficiales.<\/p>\n","protected":false},"excerpt":{"rendered":"<p>El presidente de la C\u00e1mara de Diputados, Sergio Massa, el titular del bloque del Frente de Todos, M\u00e1ximo Kirchner, y otros referentes de la bancada oficialista recibieron ayer en el Congreso al secretario adjunto de Camioneros, Pablo Moyano, y a otros referentes del Frente Sindical para el Modelo Nacional, con quienes debatieron el nuevo proyecto [&hellip;]<\/p>\n","protected":false},"author":1,"featured_media":193,"comment_status":"open","ping_status":"open","sticky":false,"template":"","format":"standard","meta":{"footnotes":""},"categories":[46],"tags":[],"class_list":["post-192","post","type-post","status-publish","format-standard","has-post-thumbnail","hentry","category-gremial"],"_links":{"self":[{"href":"https:\/\/clicdenoticias.com\/index.php\/wp-json\/wp\/v2\/posts\/192","targetHints":{"allow":["GET"]}}],"collection":[{"href":"https:\/\/clicdenoticias.com\/index.php\/wp-json\/wp\/v2\/posts"}],"about":[{"href":"https:\/\/clicdenoticias.com\/index.php\/wp-json\/wp\/v2\/types\/post"}],"author":[{"embeddable":true,"href":"https:\/\/clicdenoticias.com\/index.php\/wp-json\/wp\/v2\/users\/1"}],"replies":[{"embeddable":true,"href":"https:\/\/clicdenoticias.com\/index.php\/wp-json\/wp\/v2\/comments?post=192"}],"version-history":[{"count":1,"href":"https:\/\/clicdenoticias.com\/index.php\/wp-json\/wp\/v2\/posts\/192\/revisions"}],"predecessor-version":[{"id":194,"href":"https:\/\/clicdenoticias.com\/index.php\/wp-json\/wp\/v2\/posts\/192\/revisions\/194"}],"wp:featuredmedia":[{"embeddable":true,"href":"https:\/\/clicdenoticias.com\/index.php\/wp-json\/wp\/v2\/media\/193"}],"wp:attachment":[{"href":"https:\/\/clicdenoticias.com\/index.php\/wp-json\/wp\/v2\/media?parent=192"}],"wp:term":[{"taxonomy":"category","embeddable":true,"href":"https:\/\/clicdenoticias.com\/index.php\/wp-json\/wp\/v2\/categories?post=192"},{"taxonomy":"post_tag","embeddable":true,"href":"https:\/\/clicdenoticias.com\/index.php\/wp-json\/wp\/v2\/tags?post=192"}],"curies":[{"name":"wp","href":"https:\/\/api.w.org\/{rel}","templated":true}]}}