{"id":19305,"date":"2022-08-19T08:13:40","date_gmt":"2022-08-19T11:13:40","guid":{"rendered":"https:\/\/clicdenoticias.com\/?p=19305"},"modified":"2022-08-19T08:13:41","modified_gmt":"2022-08-19T11:13:41","slug":"alberto-fernandez-abogo-por-la-unidad-de-america-latina-y-pidio-que-los-bloqueos-se-terminen-en-este-continente","status":"publish","type":"post","link":"https:\/\/clicdenoticias.com\/index.php\/2022\/08\/19\/alberto-fernandez-abogo-por-la-unidad-de-america-latina-y-pidio-que-los-bloqueos-se-terminen-en-este-continente\/","title":{"rendered":"ALBERTO FERN\u00c1NDEZ ABOG\u00d3 POR LA UNIDAD DE AM\u00c9RICA LATINA Y PIDI\u00d3 QUE \u00abLOS BLOQUEOS SE TERMINEN EN ESTE CONTINENTE\u00bb"},"content":{"rendered":"\n<p><strong>El presidente Alberto Fern\u00e1ndez abog\u00f3 hoy por la \u00abunidad\u00bb de Am\u00e9rica Latina para \u00ablograr el desarrollo y la justicia social\u00bb, adem\u00e1s de pedir que \u00abse terminen\u00bb los bloqueos a Cuba y Venezuela.<\/strong><\/p>\n\n\n\n<p>&nbsp; &nbsp;\u00abTenemos que aprovechar la paz y la unidad para lograr el desarrollo y la justicia social \u00bfPodemos hacerlo? Claro, es una decisi\u00f3n pol\u00edtica nuestra. Ac\u00e1 no dependemos de nadie, dependemos de nosotros. Lo que m\u00e1s quiero es que esto sea posible\u00bb, enfatiz\u00f3 Fern\u00e1ndez.<\/p>\n\n\n\n<p>&nbsp;&nbsp; Al cerrar el seminario internacional \u00abEl futuro de la integraci\u00f3n: Unidad en la Diversidad\u00bb de la CELAC en el Centro Cultural Kirchner, el jefe de Estado dispar\u00f3: \u00abTenemos que trabajar tambi\u00e9n para que los bloqueos se terminen en este continente. tenemos dos pa\u00edses bloqueados y eso es imperdonable\u00bb.<\/p>\n\n\n\n<p>&nbsp;&nbsp; \u00abCuando escucho que Cuba a desarrollado 4 o 5 vacunas contra el Covid y no las puede industrializar porque, por los bloqueos que tiene, carece de la capacidad financiera que necesita para poderle dar salud a todos los pueblos del mundo, yo sufro profundamente\u00bb, puntualiz\u00f3.<\/p>\n\n\n\n<p>&nbsp;&nbsp; En esa l\u00ednea, el Presidente continu\u00f3: \u00abUn bloqueo que adem\u00e1s lleva m\u00e1s de seis d\u00e9cadas y ahora Venezuela, que esperemos que eso se termine pronto. Esperamos que el bloqueo se termine y que los venezolanos vivan en democracia eligiendo libremente como ellos quieran\u00bb.<\/p>\n\n\n\n<p>&nbsp;&nbsp; \u00abLo que debemos hacer es trabajar en pos de la unidad y poner antes que nada nuestros derechos de latinoamericanos para poder lograr ese objetivo. Pensemos en nosotros, pensemos en la Patria grande\u00bb, subray\u00f3 Fern\u00e1ndez.<\/p>\n\n\n\n<p>&nbsp;&nbsp; En otro tramo de su discurso, el mandatario afirm\u00f3 que los pa\u00edses de la regi\u00f3n no pueden \u00abdominar la nueva realidad geopol\u00edtica\u00bb derivada de la guerra en Ucrania, pero s\u00ed \u00abel camino que asuma nuestro continente\u00bb.<\/p>\n\n\n\n<p>&nbsp;&nbsp; \u00abPodemos tomar la decisi\u00f3n de unirnos para enfrentar cualquier mal momento, cualquier tragedia que se avecine, en unidad y con fuerza\u00bb, argument\u00f3 el jefe de Estado, luego de apuntar contra los \u00abpromotores pasivos de la guerra\u00bb.<\/p>\n\n\n\n<p>&nbsp;&nbsp; En ese sentido, Fern\u00e1ndez precis\u00f3: \u00abHay una suerte de promotores pasivos de la guerra que no mandan tropas pero mandan armas y dejan que toda esa zona se recaliente, que el conflicto escale y las vidas se sigan perdiendo\u00bb.<\/p>\n\n\n\n<p>&nbsp;&nbsp; Al referirse a la pandemia de coronavirus, el Presidente expres\u00f3: \u00abNo sabemos todav\u00eda cu\u00e1ntos han muerto en la pandemia, seg\u00fan dice Naciones Unidas entre 6 millones y 10 millones de personas. No tenemos el n\u00famero exacto. En cualquier caso, lo que sabemos es que la pandemia se llev\u00f3 entre uno y dos holocaustos.<br>&nbsp;&nbsp;Es un mont\u00f3n de gente, es una tragedia inmensa\u00bb.<\/p>\n\n\n\n<p>&nbsp;&nbsp; \u00abCuando la pandemia apareci\u00f3 ah\u00ed s\u00ed el mundo se igual\u00f3: se mor\u00edan los del norte, los del sur, se mor\u00edan los ricos y los pobres. Todos los que estamos aqu\u00ed somos sobrevivientes de la pandemia\u00bb, manifest\u00f3.<\/p>\n\n\n\n<p>&nbsp;&nbsp; Por \u00faltimo, Fern\u00e1ndez calific\u00f3 como \u00abmuy penoso\u00bb el hecho de la \u00abdivisi\u00f3n\u00bb de la regi\u00f3n no haya permitido \u00abnegociar vacunas en mejores condiciones para el continente\u00bb.<\/p>\n","protected":false},"excerpt":{"rendered":"<p>El presidente Alberto Fern\u00e1ndez abog\u00f3 hoy por la \u00abunidad\u00bb de Am\u00e9rica Latina para \u00ablograr el desarrollo y la justicia social\u00bb, adem\u00e1s de pedir que \u00abse terminen\u00bb los bloqueos a Cuba y Venezuela. &nbsp; &nbsp;\u00abTenemos que aprovechar la paz y la unidad para lograr el desarrollo y la justicia social \u00bfPodemos hacerlo? Claro, es una decisi\u00f3n [&hellip;]<\/p>\n","protected":false},"author":2,"featured_media":19306,"comment_status":"open","ping_status":"open","sticky":false,"template":"","format":"standard","meta":{"footnotes":""},"categories":[43],"tags":[],"class_list":["post-19305","post","type-post","status-publish","format-standard","has-post-thumbnail","hentry","category-politica"],"_links":{"self":[{"href":"https:\/\/clicdenoticias.com\/index.php\/wp-json\/wp\/v2\/posts\/19305","targetHints":{"allow":["GET"]}}],"collection":[{"href":"https:\/\/clicdenoticias.com\/index.php\/wp-json\/wp\/v2\/posts"}],"about":[{"href":"https:\/\/clicdenoticias.com\/index.php\/wp-json\/wp\/v2\/types\/post"}],"author":[{"embeddable":true,"href":"https:\/\/clicdenoticias.com\/index.php\/wp-json\/wp\/v2\/users\/2"}],"replies":[{"embeddable":true,"href":"https:\/\/clicdenoticias.com\/index.php\/wp-json\/wp\/v2\/comments?post=19305"}],"version-history":[{"count":1,"href":"https:\/\/clicdenoticias.com\/index.php\/wp-json\/wp\/v2\/posts\/19305\/revisions"}],"predecessor-version":[{"id":19307,"href":"https:\/\/clicdenoticias.com\/index.php\/wp-json\/wp\/v2\/posts\/19305\/revisions\/19307"}],"wp:featuredmedia":[{"embeddable":true,"href":"https:\/\/clicdenoticias.com\/index.php\/wp-json\/wp\/v2\/media\/19306"}],"wp:attachment":[{"href":"https:\/\/clicdenoticias.com\/index.php\/wp-json\/wp\/v2\/media?parent=19305"}],"wp:term":[{"taxonomy":"category","embeddable":true,"href":"https:\/\/clicdenoticias.com\/index.php\/wp-json\/wp\/v2\/categories?post=19305"},{"taxonomy":"post_tag","embeddable":true,"href":"https:\/\/clicdenoticias.com\/index.php\/wp-json\/wp\/v2\/tags?post=19305"}],"curies":[{"name":"wp","href":"https:\/\/api.w.org\/{rel}","templated":true}]}}