{"id":19855,"date":"2022-08-31T20:05:20","date_gmt":"2022-08-31T23:05:20","guid":{"rendered":"https:\/\/clicdenoticias.com\/?p=19855"},"modified":"2022-08-31T20:05:21","modified_gmt":"2022-08-31T23:05:21","slug":"banco-provincia-celebra-su-bicentenario-con-un-festival-de-musica-en-el-estadio-unico","status":"publish","type":"post","link":"https:\/\/clicdenoticias.com\/index.php\/2022\/08\/31\/banco-provincia-celebra-su-bicentenario-con-un-festival-de-musica-en-el-estadio-unico\/","title":{"rendered":"BANCO PROVINCIA CELEBRA SU BICENTENARIO CON UN FESTIVAL DE M\u00daSICA EN EL ESTADIO \u00daNICO"},"content":{"rendered":"\n<p>Banco Provincia realizar\u00e1 un festival de m\u00fasica gratuito con la participaci\u00f3n de Mar\u00eda Becerra, Miranda, Estelares y Los Aut\u00e9nticos Decadentes. Ser\u00e1 el s\u00e1bado 17 de septiembre en el Estadio \u00danico de la Ciudad de La Plata. La entrada se podr\u00e1 obtener desde el 1 de septiembre exclusivamente a trav\u00e9s de la app Cuenta DNI. El evento forma parte las actividades culturales que la banca p\u00fablica bonaerense desarrolla en 2022 para celebrar su Bicentenario.<\/p>\n\n\n\n<p>Banco Provincia festejar\u00e1 su cumplea\u00f1os 200 con un festival gratuito para m\u00e1s de 40 mil personas. El \u201cFestival 200\u201d tendr\u00e1 lugar en el Estadio \u00danico de La Plata y en su play\u00f3n anexo el s\u00e1bado 17 de septiembre. Adem\u00e1s de m\u00fasica, contar\u00e1 con diversas actividades para toda la familia, como batallas de freestylers, un espacio gastron\u00f3mico con food trucks y una muestra de microemprendimientos bonaerenses, entre otras propuestas.<\/p>\n\n\n\n<p>Los shows musicales estar\u00e1n a cargo de: Mar\u00eda Becerra, Miranda, Estelares y Los Aut\u00e9nticos Decadentes. Para ingresar al predio ser\u00e1 necesario contar con la entrada digital con un QR que se podr\u00e1 obtener de forma gratuita desde el 1 de septiembre exclusivamente a trav\u00e9s de Cuenta DNI. Cada usuaria\/o de la app podr\u00e1 obtener una entrada para s\u00ed misma\/o y otra para un\/a acompa\u00f1ante.<\/p>\n\n\n\n<p>El Banco comunicar\u00e1 todas las novedades del Festival 200 a trav\u00e9s de sus redes sociales verificadas en Facebook, Instagram y Twitter; y en su portal de noticias: www.bancoprovincia.com.ar\/Noticias. All\u00ed se podr\u00e1n conocer el cronograma para obtener las entradas, horarios y toda informaci\u00f3n relevante sobre el evento.<\/p>\n\n\n\n<p>Desde septiembre de 2021 la banca p\u00fablica bonaerense realiza diversas actividades art\u00edsticas y culturales como parte de las celebraciones de su Bicentenario. Entre otras iniciativas, financi\u00f3 la producci\u00f3n de murales en espacios p\u00fablicos del Conurbano bonaerense; realiz\u00f3 un ciclo de charlas con escritores en Mar del Plata durante el verano; y lanz\u00f3 tres premios art\u00edsticos en literatura, pintura y fotograf\u00eda.<\/p>\n\n\n\n<p>Banco Provincia cumplir\u00e1 200 a\u00f1os el pr\u00f3ximo 6 de septiembre. Es el primer banco de Hispanoam\u00e9rica y la empresa m\u00e1s antigua de la Argentina. Entre sus hitos m\u00e1s c\u00e9lebres est\u00e1 la emisi\u00f3n del primer billete patrio, en 1822.<\/p>\n\n\n\n<p>www.bancoprovincia.com.ar\/noticias\/bicentenario<\/p>\n","protected":false},"excerpt":{"rendered":"<p>Banco Provincia realizar\u00e1 un festival de m\u00fasica gratuito con la participaci\u00f3n de Mar\u00eda Becerra, Miranda, Estelares y Los Aut\u00e9nticos Decadentes. Ser\u00e1 el s\u00e1bado 17 de septiembre en el Estadio \u00danico de la Ciudad de La Plata. La entrada se podr\u00e1 obtener desde el 1 de septiembre exclusivamente a trav\u00e9s de la app Cuenta DNI. El [&hellip;]<\/p>\n","protected":false},"author":1,"featured_media":19856,"comment_status":"open","ping_status":"open","sticky":false,"template":"","format":"standard","meta":{"footnotes":""},"categories":[45],"tags":[],"class_list":["post-19855","post","type-post","status-publish","format-standard","has-post-thumbnail","hentry","category-sociedad"],"_links":{"self":[{"href":"https:\/\/clicdenoticias.com\/index.php\/wp-json\/wp\/v2\/posts\/19855","targetHints":{"allow":["GET"]}}],"collection":[{"href":"https:\/\/clicdenoticias.com\/index.php\/wp-json\/wp\/v2\/posts"}],"about":[{"href":"https:\/\/clicdenoticias.com\/index.php\/wp-json\/wp\/v2\/types\/post"}],"author":[{"embeddable":true,"href":"https:\/\/clicdenoticias.com\/index.php\/wp-json\/wp\/v2\/users\/1"}],"replies":[{"embeddable":true,"href":"https:\/\/clicdenoticias.com\/index.php\/wp-json\/wp\/v2\/comments?post=19855"}],"version-history":[{"count":1,"href":"https:\/\/clicdenoticias.com\/index.php\/wp-json\/wp\/v2\/posts\/19855\/revisions"}],"predecessor-version":[{"id":19857,"href":"https:\/\/clicdenoticias.com\/index.php\/wp-json\/wp\/v2\/posts\/19855\/revisions\/19857"}],"wp:featuredmedia":[{"embeddable":true,"href":"https:\/\/clicdenoticias.com\/index.php\/wp-json\/wp\/v2\/media\/19856"}],"wp:attachment":[{"href":"https:\/\/clicdenoticias.com\/index.php\/wp-json\/wp\/v2\/media?parent=19855"}],"wp:term":[{"taxonomy":"category","embeddable":true,"href":"https:\/\/clicdenoticias.com\/index.php\/wp-json\/wp\/v2\/categories?post=19855"},{"taxonomy":"post_tag","embeddable":true,"href":"https:\/\/clicdenoticias.com\/index.php\/wp-json\/wp\/v2\/tags?post=19855"}],"curies":[{"name":"wp","href":"https:\/\/api.w.org\/{rel}","templated":true}]}}