{"id":20500,"date":"2022-09-16T07:14:00","date_gmt":"2022-09-16T10:14:00","guid":{"rendered":"https:\/\/clicdenoticias.com\/?p=20500"},"modified":"2022-09-14T11:36:58","modified_gmt":"2022-09-14T14:36:58","slug":"de-ningun-modo-la-discrepancia-puede-resolverse-a-traves-de-un-disparo","status":"publish","type":"post","link":"https:\/\/clicdenoticias.com\/index.php\/2022\/09\/16\/de-ningun-modo-la-discrepancia-puede-resolverse-a-traves-de-un-disparo\/","title":{"rendered":"\u00abDE NING\u00daN MODO LA DISCREPANCIA PUEDE RESOLVERSE A TRAV\u00c9S DE UN DISPARO\u00bb"},"content":{"rendered":"\n<p><strong>El presidente se volvi\u00f3 a pronunciar contra el atentado que sufri\u00f3 Cristina Fern\u00e1ndez de Kirchner. \u00abLo viv\u00ed con mucha angusta porque Argentina no hab\u00eda tenido un episodio de esa naturaleza despu\u00e9s de la dictadura\u00bb, expres\u00f3.<\/strong><\/p>\n\n\n\n<p>En una entrevista de alrededor de una hora concedida desde la Quinta Presidencial de Olivos al canal Telecinco de Espa\u00f1a, Fern\u00e1ndez dijo que la Vicepresidenta \u00abest\u00e1 entera y fuerte. Para todos fue un momento de conmoci\u00f3n, para ella particularmente, pero est\u00e1 trabajando a la par\u00bb.<\/p>\n\n\n\n<p>\u00abLo viv\u00ed con mucha angustia\u00bb porque \u00abla Argentina no hab\u00eda tenido un episodio de esta naturaleza, despu\u00e9s de la dictadura no ha habido cr\u00edmenes de naturaleza pol\u00edtica\u00bb, se\u00f1al\u00f3 respecto al hecho.<\/p>\n\n\n\n<p>El mandatario indic\u00f3 que \u00abel hecho ingrato de encontrarnos con una banda de forajidos que maltratan a la democracia no nos debe hacer pensar que eso es la Argentina\u00bb.<\/p>\n\n\n\n<p>\u00abTodos sentimos que retrocedimos varios casilleros, despu\u00e9s de avanzar mucho en la democracia. Nosotros sufrimos la dictadura y pudimos juzgar a los genocidas. La consigna de la democracia fue verdad y justicia\u00bb, subray\u00f3.<\/p>\n\n\n\n<p>Fern\u00e1ndez a\u00f1adi\u00f3 que \u00ablas madres que perdieron a sus hijos porque los mataron o los desaparecieron, los hijos de las v\u00edctimas de la dictadura nunca hicieron justicia por mano propia, siempre reclamaron justicia. Y la justicia lleg\u00f3. Eso hay que ponerlo en valor\u00bb, a\u00f1adi\u00f3.<\/p>\n\n\n\n<p>En cuanto a los discursos de odio de las redes sociales, el mandatario manifest\u00f3: \u00abUmberto Eco dijo una vez que Twitter es un lugar donde los imb\u00e9ciles parecen inteligentes y los inteligentes parecen los que se vuelven imb\u00e9ciles. Me parece que Twitter deber\u00eda revisarse a s\u00ed mismo porque da lugar a esas cosas. El 90% de esa red social son robots y m\u00e1quinas que entran en el sistema e influyen sobre otros. La idea que dice que las redes sociales democratizaron el pensamiento yo la relativizo\u00bb, dijo, al marcar que \u00abcuando las redes son mal usadas ensucian el debate\u00bb.<\/p>\n\n\n\n<p>Se pregunt\u00f3 \u00abcu\u00e1nto nos afect\u00f3 la pandemia psicol\u00f3gicamente\u00bb por distintos motivos, y consider\u00f3 que ese escenario \u00abgenera un caldo de cultivo\u00bb.<\/p>\n\n\n\n<p>\u00abEn Argentina pasa algo adicional porque los discursos de odio no empezaron con la pandemia, sino que llevamos d\u00e9cadas de notas period\u00edsticas estigmatizando a Cristina\u00bb, dijo y ampli\u00f3: \u00abEs un discurso que promueve un sentimiento profundo de rechazo hacia el otro. Por ejemplo, &#8216;llegamos a la conclusi\u00f3n de que usted es un ladr\u00f3n y un sinverg\u00fcenza&#8217;, y entonces, todas las ma\u00f1anas se escribe y se dice eso\u00bb.<\/p>\n\n\n\n<p>\u00abY se termina instalando esa idea\u00bb y \u00abas\u00ed se genera un estigma y una condena social donde no hay espacio para la reflexi\u00f3n colectiva, hasta para la reflexi\u00f3n judicial\u00bb, a\u00f1adi\u00f3.<\/p>\n\n\n\n<p>Fern\u00e1ndez expres\u00f3: \u00abEl orgullo que tengo como Presidente es que no persegu\u00ed ning\u00fan medio, no restring\u00ed pauta, nunca llam\u00e9 a un periodista para decirle lo que tiene que escribir, o a un due\u00f1o de un medio para decirle &#8216;Necesito esta tapa&#8217;, o de radio o televisi\u00f3n para decirle lo que tuviera que decir, nunca ped\u00ed ser invitado a un programa\u00bb.<\/p>\n\n\n\n<p>Para Fern\u00e1ndez, \u00ablos discursos del odio existen, pero es muy dif\u00edcil de legislar y castigar. Porque finalmente qui\u00e9n define lo que es odio. Yo nunca prohib\u00ed ninguna tapa de un diario ni llam\u00e9 al due\u00f1o de uno de esos diarios para decirle &#8216;Dejen de publicar eso&#8217;. Pero revisemos y repensemos, porque es dif\u00edcil construir la convivencia democr\u00e1tica con esa l\u00f3gica. Eso lleva a que espacios como Vox o los libertarios digan que &#8216;La pol\u00edtica es una casta&#8217;, y eso no es verdad, porque la mayor\u00eda trabaja honestamente\u00bb.<\/p>\n\n\n\n<p>Indic\u00f3 que en Argentina \u00ablos llamados libertarios, que no son tan libertarios, son lo que proclaman la libertad de los poderosos\u00bb.<\/p>\n\n\n\n<p>\u00abSin que nosotros nos di\u00e9ramos cuenta, la derecha fue cooptando lugares en los poderes judiciales de muchos pa\u00edses y en los medios de comunicaci\u00f3n\u00bb, se\u00f1al\u00f3, y a\u00f1adi\u00f3 que \u00abeste discurso libertario tiene poco de defensa de la libertad y defiende la casta, la libertad de los que m\u00e1s tienen, y en verdad con su discurso, que es violento y revulsivo, ponen en juego la convivencia democr\u00e1tica\u00bb.<\/p>\n\n\n\n<p>Para Fern\u00e1ndez, \u00abs\u00ed servir\u00eda much\u00edsimo que exista un c\u00f3digo de \u00e9tica period\u00edstica en cada medio\u00bb, y record\u00f3 que \u00abhace muchos a\u00f1os\u00bb el fallecido periodista Tom\u00e1s Eloy Mart\u00ednez \u00abescribi\u00f3 un dec\u00e1logo del periodista que ser\u00eda buen\u00edsimo que todos los periodistas argentinos leyeran y respetaran\u00bb.<br><br>\u00abA veces los l\u00edmites hay que autoimponerlos, los medios deben decidir\u00bb, dijo y agreg\u00f3 que&nbsp;<strong>\u00abhay un delicado equilibro entre al libertad de expresi\u00f3n y el discurso de odio\u00bb<\/strong>.<br><br>Por otra parte, durante la entrevista Fern\u00e1ndez habl\u00f3 de la cuesti\u00f3n econ\u00f3mica y asegur\u00f3 que en el yacimiento Vaca Muerta est\u00e1 \u00abla segunda reserva de gas no convencional del mundo\u00bb, y ampli\u00f3: \u00ab<strong>Tenemos capacidad de darnos gas a toda la Argentina, estamos construyendo un gasoducto para eso, y nos queda un excedente muy grande para exp<\/strong>ortar\u00bb.<br><br>\u00abPara exportar a Europa necesitamos licuar el gas, que va a demorar no menos de tres a\u00f1os. Supe que Espa\u00f1a tiene el 30% de las plantas de regasificaci\u00f3n, y ser\u00eda una gran oportunidad que Espa\u00f1a y Argentina hagamos algo juntos\u00bb, subray\u00f3.<br><br>Acerca de la inflaci\u00f3n, expres\u00f3: \u00ab<strong>Estamos viviendo un momento excepcional. La Argentina tiene una historia de convivir con inflaci\u00f3n muy amplia. Hace m\u00e1s de 15 a\u00f1os que tenemos inflaci\u00f3n de dos d\u00edgitos. Este a\u00f1o, uno puede decir que la inflaci\u00f3n aument\u00f3 un 90%. Pero si uno piensa que Estados Unidos salt\u00f3 de 1% a 10%, 900% de inflaci\u00f3n tuvo\u00bb<\/strong>, consign\u00f3.<br><br>\u00abEntonces, es un momento muy excepcional. Se retiraron del mundo dos grandes proveedores de alimento y de energ\u00eda, Rusia y Ucrania, y eso alter\u00f3 todo\u00bb,dijo y ejemplific\u00f3 que \u00abcuando se resfr\u00edan en Rusia, estornudamos en Argentina, y el efecto de la globalizaci\u00f3n existe\u00bb.<br><br>El mandatario tambi\u00e9n habl\u00f3 del&nbsp;<strong>programa Precios Cuidados, implementado en 2014 y en la actualidad con 1.300 productos, y cont\u00f3 que \u00abes un acuerdo entre productores con el Estado y el sistema y funciona en los grandes supermercados\u00bb<\/strong>, pero \u00abesos puntos solo representan el 30% de la venta de alimentos\u00bb, y admiti\u00f3 que \u00abes un aliciente, pero no una soluci\u00f3n\u00bb.<\/p>\n","protected":false},"excerpt":{"rendered":"<p>El presidente se volvi\u00f3 a pronunciar contra el atentado que sufri\u00f3 Cristina Fern\u00e1ndez de Kirchner. \u00abLo viv\u00ed con mucha angusta porque Argentina no hab\u00eda tenido un episodio de esa naturaleza despu\u00e9s de la dictadura\u00bb, expres\u00f3. En una entrevista de alrededor de una hora concedida desde la Quinta Presidencial de Olivos al canal Telecinco de Espa\u00f1a, [&hellip;]<\/p>\n","protected":false},"author":2,"featured_media":20501,"comment_status":"open","ping_status":"open","sticky":false,"template":"","format":"standard","meta":{"footnotes":""},"categories":[43],"tags":[48],"class_list":["post-20500","post","type-post","status-publish","format-standard","has-post-thumbnail","hentry","category-politica","tag-destacada"],"_links":{"self":[{"href":"https:\/\/clicdenoticias.com\/index.php\/wp-json\/wp\/v2\/posts\/20500","targetHints":{"allow":["GET"]}}],"collection":[{"href":"https:\/\/clicdenoticias.com\/index.php\/wp-json\/wp\/v2\/posts"}],"about":[{"href":"https:\/\/clicdenoticias.com\/index.php\/wp-json\/wp\/v2\/types\/post"}],"author":[{"embeddable":true,"href":"https:\/\/clicdenoticias.com\/index.php\/wp-json\/wp\/v2\/users\/2"}],"replies":[{"embeddable":true,"href":"https:\/\/clicdenoticias.com\/index.php\/wp-json\/wp\/v2\/comments?post=20500"}],"version-history":[{"count":1,"href":"https:\/\/clicdenoticias.com\/index.php\/wp-json\/wp\/v2\/posts\/20500\/revisions"}],"predecessor-version":[{"id":20502,"href":"https:\/\/clicdenoticias.com\/index.php\/wp-json\/wp\/v2\/posts\/20500\/revisions\/20502"}],"wp:featuredmedia":[{"embeddable":true,"href":"https:\/\/clicdenoticias.com\/index.php\/wp-json\/wp\/v2\/media\/20501"}],"wp:attachment":[{"href":"https:\/\/clicdenoticias.com\/index.php\/wp-json\/wp\/v2\/media?parent=20500"}],"wp:term":[{"taxonomy":"category","embeddable":true,"href":"https:\/\/clicdenoticias.com\/index.php\/wp-json\/wp\/v2\/categories?post=20500"},{"taxonomy":"post_tag","embeddable":true,"href":"https:\/\/clicdenoticias.com\/index.php\/wp-json\/wp\/v2\/tags?post=20500"}],"curies":[{"name":"wp","href":"https:\/\/api.w.org\/{rel}","templated":true}]}}