{"id":21001,"date":"2022-10-01T10:10:00","date_gmt":"2022-10-01T13:10:00","guid":{"rendered":"https:\/\/clicdenoticias.com\/?p=21001"},"modified":"2022-09-30T10:13:14","modified_gmt":"2022-09-30T13:13:14","slug":"una-activista-trans-y-funcionaria-argentina-fue-destacada-entre-los-100-lideres-del-futuro-de-la-revista-time","status":"publish","type":"post","link":"https:\/\/clicdenoticias.com\/index.php\/2022\/10\/01\/una-activista-trans-y-funcionaria-argentina-fue-destacada-entre-los-100-lideres-del-futuro-de-la-revista-time\/","title":{"rendered":"UNA ACTIVISTA TRANS Y FUNCIONARIA ARGENTINA FUE DESTACADA ENTRE LOS 100 L\u00cdDERES DEL FUTURO DE LA REVISTA TIME"},"content":{"rendered":"\n<p><strong>La activista trans y representante Especial de Argentina sobre Orientaci\u00f3n Sexual e Identidad de G\u00e9nero de la Canciller\u00eda, Alba Rueda, fue seleccionada dentro de lista de los 100 l\u00edderes emergentes del futuro de la revista estadounidense Time.<\/strong><\/p>\n\n\n\n<p>&nbsp; &nbsp;Militante hist\u00f3rica de los derechos de las minor\u00edas de g\u00e9nero LGBTIQ+ en el pa\u00eds, se code\u00f3 con otras referentes como Lohana Berkins y Diana Sacay\u00e1n, y luch\u00f3 por las leyes de Identidad de G\u00e9nero y Matrimonio Igualitario.<\/p>\n\n\n\n<p>&nbsp;&nbsp; Integrante de la organizaci\u00f3n Mujeres Trans Argentina, asumi\u00f3 en 2019, con la llegada de Alberto Fern\u00e1ndez a la Casa Rosada, el cargo de&nbsp;subsecretaria de Pol\u00edticas de Diversidad en el Ministerio de las Mujeres, G\u00e9neros y Diversidad.<\/p>\n\n\n\n<p>&nbsp;&nbsp; Desde marzo de este a\u00f1o desempe\u00f1a el cargo de representante argentina sobre Orientaci\u00f3n sexual e Identidad de G\u00e9nero del Ministerio de Relaciones Exteriores, Comercio Internacional y Culto.<\/p>\n\n\n\n<p>&nbsp;&nbsp; En el art\u00edculo de Time, donde se destaca a las 100 personalidades que forman parte del \u00abTIME100 Next\u00bb, se advirti\u00f3 que no hay suficientes personas trans en el gobierno en todo el mundo.<\/p>\n\n\n\n<p>&nbsp;&nbsp; All\u00ed consignaron que la primera actividad de Rueda&nbsp;fue organizar una reuni\u00f3n en Buenos Aires para los activistas y 42 gobiernos de la Coalici\u00f3n internacional por la Igualdad de Derechos.<\/p>\n","protected":false},"excerpt":{"rendered":"<p>La activista trans y representante Especial de Argentina sobre Orientaci\u00f3n Sexual e Identidad de G\u00e9nero de la Canciller\u00eda, Alba Rueda, fue seleccionada dentro de lista de los 100 l\u00edderes emergentes del futuro de la revista estadounidense Time. &nbsp; &nbsp;Militante hist\u00f3rica de los derechos de las minor\u00edas de g\u00e9nero LGBTIQ+ en el pa\u00eds, se code\u00f3 con [&hellip;]<\/p>\n","protected":false},"author":2,"featured_media":21002,"comment_status":"open","ping_status":"open","sticky":false,"template":"","format":"standard","meta":{"footnotes":""},"categories":[43],"tags":[],"class_list":["post-21001","post","type-post","status-publish","format-standard","has-post-thumbnail","hentry","category-politica"],"_links":{"self":[{"href":"https:\/\/clicdenoticias.com\/index.php\/wp-json\/wp\/v2\/posts\/21001","targetHints":{"allow":["GET"]}}],"collection":[{"href":"https:\/\/clicdenoticias.com\/index.php\/wp-json\/wp\/v2\/posts"}],"about":[{"href":"https:\/\/clicdenoticias.com\/index.php\/wp-json\/wp\/v2\/types\/post"}],"author":[{"embeddable":true,"href":"https:\/\/clicdenoticias.com\/index.php\/wp-json\/wp\/v2\/users\/2"}],"replies":[{"embeddable":true,"href":"https:\/\/clicdenoticias.com\/index.php\/wp-json\/wp\/v2\/comments?post=21001"}],"version-history":[{"count":1,"href":"https:\/\/clicdenoticias.com\/index.php\/wp-json\/wp\/v2\/posts\/21001\/revisions"}],"predecessor-version":[{"id":21003,"href":"https:\/\/clicdenoticias.com\/index.php\/wp-json\/wp\/v2\/posts\/21001\/revisions\/21003"}],"wp:featuredmedia":[{"embeddable":true,"href":"https:\/\/clicdenoticias.com\/index.php\/wp-json\/wp\/v2\/media\/21002"}],"wp:attachment":[{"href":"https:\/\/clicdenoticias.com\/index.php\/wp-json\/wp\/v2\/media?parent=21001"}],"wp:term":[{"taxonomy":"category","embeddable":true,"href":"https:\/\/clicdenoticias.com\/index.php\/wp-json\/wp\/v2\/categories?post=21001"},{"taxonomy":"post_tag","embeddable":true,"href":"https:\/\/clicdenoticias.com\/index.php\/wp-json\/wp\/v2\/tags?post=21001"}],"curies":[{"name":"wp","href":"https:\/\/api.w.org\/{rel}","templated":true}]}}