{"id":21394,"date":"2022-10-12T11:02:16","date_gmt":"2022-10-12T14:02:16","guid":{"rendered":"https:\/\/clicdenoticias.com\/?p=21394"},"modified":"2022-10-12T11:02:17","modified_gmt":"2022-10-12T14:02:17","slug":"la-conmebol-anuncio-un-importante-cambio-sobre-el-uso-del-var-en-la-libertadores-y-la-sudamericana","status":"publish","type":"post","link":"https:\/\/clicdenoticias.com\/index.php\/2022\/10\/12\/la-conmebol-anuncio-un-importante-cambio-sobre-el-uso-del-var-en-la-libertadores-y-la-sudamericana\/","title":{"rendered":"LA CONMEBOL ANUNCI\u00d3 UN IMPORTANTE CAMBIO SOBRE EL USO DEL VAR EN LA LIBERTADORES Y LA SUDAMERICANA"},"content":{"rendered":"\n<p><strong>La Confederaci\u00f3n Sudamericana de F\u00fatbol (Conmebol) anunci\u00f3 que el sistema de videoarbitraje (VAR) comenzar\u00e1 a ser usado en 2023 desde la fase inicial de la Copa Libertadores y la Copa Sudamericana y se trata de un cambio importante en ambas competencias, ya que hasta ahora se utilizaba desde los octavos de final.<\/strong><\/p>\n\n\n\n<p>&nbsp; &nbsp;\u00abDe esta forma, el sistema de revisi\u00f3n llevar\u00e1 mayor transparencia a partir del inicio mismo de los principales torneos de clubes del continente\u00bb, indicaron en un comunicado oficial.<\/p>\n\n\n\n<p>&nbsp;&nbsp; Asimismo a\u00f1adieron: \u00abSe trata de una aspiraci\u00f3n de la Conmebol desde la implementaci\u00f3n de esta herramienta tecnol\u00f3gica y de un pedido expresado por varios clubes participantes de los referidos torneos\u00bb.<\/p>\n\n\n\n<p>&nbsp;&nbsp; El VAR fue incluido por el ente regulador del f\u00fatbol sudamericano como parte del reglamento en 2017 y empez\u00f3 a emplearse \u00fanicamente en las instancias decisivas de las copas Libertadores y Sudamericana.&nbsp;.<\/p>\n\n\n\n<p>&nbsp;&nbsp; La nueva modificaci\u00f3n se resolvi\u00f3 en una reuni\u00f3n del consejo en la sede de la Conmebol en Luque, Paraguay, y se defini\u00f3 luego de \u00abcomprobar que existen las condiciones t\u00e9cnicas y log\u00edsticas para aplicar esta medida y examinar las propuestas de las empresas proveedoras que participaron de la licitaci\u00f3n\u00bb.<\/p>\n\n\n\n<p>&nbsp;&nbsp; En paralelo, el cambio tambi\u00e9n aplicar\u00e1 a la Recopa Sudamericana, competencia en el que se miden tanto el campe\u00f3n de la Libertadores como de la Sudamericana.&nbsp;.<\/p>\n\n\n\n<p>&nbsp;&nbsp; Por otro lado y a diferencia que ocurre con la Liga Profesional de F\u00fatbol, la Conmebol aclar\u00f3 que las im\u00e1genes y audios del VAR ser\u00e1n p\u00fablicos para quienes lo quieran observar o escuchar.&nbsp;<\/p>\n","protected":false},"excerpt":{"rendered":"<p>La Confederaci\u00f3n Sudamericana de F\u00fatbol (Conmebol) anunci\u00f3 que el sistema de videoarbitraje (VAR) comenzar\u00e1 a ser usado en 2023 desde la fase inicial de la Copa Libertadores y la Copa Sudamericana y se trata de un cambio importante en ambas competencias, ya que hasta ahora se utilizaba desde los octavos de final. &nbsp; &nbsp;\u00abDe esta [&hellip;]<\/p>\n","protected":false},"author":2,"featured_media":21395,"comment_status":"open","ping_status":"open","sticky":false,"template":"","format":"standard","meta":{"footnotes":""},"categories":[50],"tags":[],"class_list":["post-21394","post","type-post","status-publish","format-standard","has-post-thumbnail","hentry","category-deportes"],"_links":{"self":[{"href":"https:\/\/clicdenoticias.com\/index.php\/wp-json\/wp\/v2\/posts\/21394","targetHints":{"allow":["GET"]}}],"collection":[{"href":"https:\/\/clicdenoticias.com\/index.php\/wp-json\/wp\/v2\/posts"}],"about":[{"href":"https:\/\/clicdenoticias.com\/index.php\/wp-json\/wp\/v2\/types\/post"}],"author":[{"embeddable":true,"href":"https:\/\/clicdenoticias.com\/index.php\/wp-json\/wp\/v2\/users\/2"}],"replies":[{"embeddable":true,"href":"https:\/\/clicdenoticias.com\/index.php\/wp-json\/wp\/v2\/comments?post=21394"}],"version-history":[{"count":1,"href":"https:\/\/clicdenoticias.com\/index.php\/wp-json\/wp\/v2\/posts\/21394\/revisions"}],"predecessor-version":[{"id":21396,"href":"https:\/\/clicdenoticias.com\/index.php\/wp-json\/wp\/v2\/posts\/21394\/revisions\/21396"}],"wp:featuredmedia":[{"embeddable":true,"href":"https:\/\/clicdenoticias.com\/index.php\/wp-json\/wp\/v2\/media\/21395"}],"wp:attachment":[{"href":"https:\/\/clicdenoticias.com\/index.php\/wp-json\/wp\/v2\/media?parent=21394"}],"wp:term":[{"taxonomy":"category","embeddable":true,"href":"https:\/\/clicdenoticias.com\/index.php\/wp-json\/wp\/v2\/categories?post=21394"},{"taxonomy":"post_tag","embeddable":true,"href":"https:\/\/clicdenoticias.com\/index.php\/wp-json\/wp\/v2\/tags?post=21394"}],"curies":[{"name":"wp","href":"https:\/\/api.w.org\/{rel}","templated":true}]}}