{"id":21771,"date":"2022-10-23T22:16:32","date_gmt":"2022-10-24T01:16:32","guid":{"rendered":"https:\/\/clicdenoticias.com\/?p=21771"},"modified":"2022-10-24T17:11:01","modified_gmt":"2022-10-24T20:11:01","slug":"sebastian-presta-creo-que-no-hay-programas-de-humor-porque-la-gente-no-lo-demanda","status":"publish","type":"post","link":"https:\/\/clicdenoticias.com\/index.php\/2022\/10\/23\/sebastian-presta-creo-que-no-hay-programas-de-humor-porque-la-gente-no-lo-demanda\/","title":{"rendered":"SEBASTI\u00c1N PRESTA: \u00abCREO QUE NO HAY PROGRAMAS DE HUMOR PORQUE LA GENTE NO LO DEMANDA\u00bb"},"content":{"rendered":"\n<p><strong>El actor y comediante Sebasti\u00e1n Presta, consider\u00f3 que en la actualidad \u00abno hay programas de humor porque la gente no los demanda\u00bb.<\/strong><\/p>\n\n\n\n<p>&nbsp; &nbsp;Presta pas\u00f3 de protagonizar en \u00abDuro de Domar\u00bb unos sketches, que a\u00fan son virales, a subirse a los escenarios y estar nominado para los Premios ACE.<\/p>\n\n\n\n<p>&nbsp;&nbsp; En di\u00e1logo con el programa \u00abPasa Montagna\u00bb, que conduce Pablo Montagna por Radio Rivadavia, el humorista revel\u00f3 que esta \u00abmuy contento por el presente personal y profesional\u00bb que atraviesa y confes\u00f3: \u00abMe sorprendi\u00f3 mi nominaci\u00f3n a los ACE. Fue algo que no me esperaba\u00bb.<\/p>\n\n\n\n<p>&nbsp;&nbsp; A la hora de recordar sus escenas en el programa de televisi\u00f3n que lo catapultaron a la fama, el int\u00e9rprete indic\u00f3: \u00abHay muchos chicos que se arman TikTok con todo material m\u00edo. Son videos de 2014 y 2015 y la gente los sigue pasando. Es incre\u00edble c\u00f3mo se vitalizaron esos videos\u00bb.<\/p>\n\n\n\n<p>&nbsp;&nbsp; Al ser consultado sobre su presente, detall\u00f3 que est\u00e1 \u00abmuy tranquilo\u00bb y a\u00f1adi\u00f3: \u00abQuiz\u00e1 cuando uno es joven tiene ese deseo de triunfar pero no se da cuenta de disfrutar el camino\u00bb.<\/p>\n\n\n\n<p>&nbsp;&nbsp; Actualmente, volcado a la actuaci\u00f3n, Presta a analiz\u00f3: \u00abCreo que no hay programas de humor porque la gente no lo demanda\u00bb.<\/p>\n\n\n\n<p>&nbsp;&nbsp; Con respecto a su salida de \u00abDuro de Domar\u00bb, se refiri\u00f3 a la cuesti\u00f3n pol\u00edtica y agreg\u00f3: \u00abYo estaba con mi sueldo, c\u00f3modo, trabajando y de golpe me qued\u00e9 sin trabajo y tuve que salir a actuar. De alguna manera hab\u00eda tirado la toalla con el tema de la actuaci\u00f3n\u00bb.<\/p>\n\n\n\n<p>&nbsp;&nbsp; Tambi\u00e9n se anim\u00f3 a dar su punto de vista pol\u00edtico: \u00abDentro de la gran grieta que hay, si tengo que ir para alg\u00fan lado estoy m\u00e1s con Cristina (Kirchner) que con (Mauricio) Macri\u00bb.<\/p>\n\n\n\n<p>&nbsp;&nbsp; Por \u00faltimo, record\u00f3 sus inicios arriba de los escenarios: \u00abLa primera vez que hice stand up me sent\u00ed tan mal que durante tres a\u00f1os no me volv\u00ed a subir a un escenario\u00bb.<\/p>\n\n\n\n<p>&nbsp;&nbsp; \u00abA lo que quiero llegar es que te equivoc\u00e1s en pensar que fracasaste. Uno no nace sabiendo\u00bb, concluy\u00f3.<\/p>\n","protected":false},"excerpt":{"rendered":"<p>El actor y comediante Sebasti\u00e1n Presta, consider\u00f3 que en la actualidad \u00abno hay programas de humor porque la gente no los demanda\u00bb. &nbsp; &nbsp;Presta pas\u00f3 de protagonizar en \u00abDuro de Domar\u00bb unos sketches, que a\u00fan son virales, a subirse a los escenarios y estar nominado para los Premios ACE. &nbsp;&nbsp; En di\u00e1logo con el programa [&hellip;]<\/p>\n","protected":false},"author":2,"featured_media":21772,"comment_status":"open","ping_status":"open","sticky":false,"template":"","format":"standard","meta":{"footnotes":""},"categories":[45],"tags":[],"class_list":["post-21771","post","type-post","status-publish","format-standard","has-post-thumbnail","hentry","category-sociedad"],"_links":{"self":[{"href":"https:\/\/clicdenoticias.com\/index.php\/wp-json\/wp\/v2\/posts\/21771","targetHints":{"allow":["GET"]}}],"collection":[{"href":"https:\/\/clicdenoticias.com\/index.php\/wp-json\/wp\/v2\/posts"}],"about":[{"href":"https:\/\/clicdenoticias.com\/index.php\/wp-json\/wp\/v2\/types\/post"}],"author":[{"embeddable":true,"href":"https:\/\/clicdenoticias.com\/index.php\/wp-json\/wp\/v2\/users\/2"}],"replies":[{"embeddable":true,"href":"https:\/\/clicdenoticias.com\/index.php\/wp-json\/wp\/v2\/comments?post=21771"}],"version-history":[{"count":1,"href":"https:\/\/clicdenoticias.com\/index.php\/wp-json\/wp\/v2\/posts\/21771\/revisions"}],"predecessor-version":[{"id":21773,"href":"https:\/\/clicdenoticias.com\/index.php\/wp-json\/wp\/v2\/posts\/21771\/revisions\/21773"}],"wp:featuredmedia":[{"embeddable":true,"href":"https:\/\/clicdenoticias.com\/index.php\/wp-json\/wp\/v2\/media\/21772"}],"wp:attachment":[{"href":"https:\/\/clicdenoticias.com\/index.php\/wp-json\/wp\/v2\/media?parent=21771"}],"wp:term":[{"taxonomy":"category","embeddable":true,"href":"https:\/\/clicdenoticias.com\/index.php\/wp-json\/wp\/v2\/categories?post=21771"},{"taxonomy":"post_tag","embeddable":true,"href":"https:\/\/clicdenoticias.com\/index.php\/wp-json\/wp\/v2\/tags?post=21771"}],"curies":[{"name":"wp","href":"https:\/\/api.w.org\/{rel}","templated":true}]}}