{"id":22008,"date":"2022-10-29T18:08:50","date_gmt":"2022-10-29T21:08:50","guid":{"rendered":"https:\/\/clicdenoticias.com\/?p=22008"},"modified":"2022-10-29T18:08:50","modified_gmt":"2022-10-29T21:08:50","slug":"con-la-evocacion-de-la-figura-de-alfonsin-la-ucr-mostro-su-poder-de-convocatoria-y-le-marco-la-cancha-al-pro","status":"publish","type":"post","link":"https:\/\/clicdenoticias.com\/index.php\/2022\/10\/29\/con-la-evocacion-de-la-figura-de-alfonsin-la-ucr-mostro-su-poder-de-convocatoria-y-le-marco-la-cancha-al-pro\/","title":{"rendered":"CON LA EVOCACI\u00d3N DE LA FIGURA DE ALFONS\u00cdN, LA UCR MOSTR\u00d3 SU PODER DE CONVOCATORIA Y LE MARC\u00d3 LA CANCHA AL PRO"},"content":{"rendered":"\n<p><strong>A 39 a\u00f1os del triunfo de Ra\u00fal Alfons\u00edn en las elecciones que marcaron el regreso de la democracia, la UCR mostr\u00f3 su poder de movilizaci\u00f3n en un acto en el predio de Costa Salguero, con el que tambi\u00e9n aprovech\u00f3 para marcarle la cancha al PRO en la interna de Juntos por el Cambio.<\/strong><\/p>\n\n\n\n<p>&nbsp; &nbsp;Con dirigentes de otros partidos de la alianza opositora como invitados, entre los que se destac\u00f3 el jefe de Gobierno porte\u00f1o, Horacio Rodr\u00edguez Larreta, el radicalismo hace gala de su unidad luego de las rispideces que hubo con el ex presidente Mauricio Macri, principalmente tras las declaraciones del diputado nacional Facundo Manes.<\/p>\n\n\n\n<p>&nbsp;&nbsp; Curiosamente, el neurocient\u00edfico no fue de la partida por un viaje programado a Espa\u00f1a, a donde fue invitado por el PSOE a 40 a\u00f1os del triunfo de Felipe Gonz\u00e1lez.<\/p>\n\n\n\n<p>&nbsp;&nbsp; \u00abNo hay espacio para equivocarnos, tenemos que saldar las diferencias, salir de las vanidades personales, no hacer discusiones de personas y mirar hacia el lado de la gente. La garant\u00eda es un programa donde no est\u00e9 la voz de las personas, sino la firma de los partidos pol\u00edticos para comprometerse a un futuro inmediato\u00bb, sostuvo el coordinador del interbloque de Juntos por el Cambio en la C\u00e1mara de Diputados, Mario Negri.<\/p>\n\n\n\n<p>&nbsp;&nbsp; En su discurso, el cordob\u00e9s apunt\u00f3 tanto contra el Frente de Todos como contra los liberales. \u00abPopulismo de izquierda y de derecha nos est\u00e1n sitiando. Ambos son s\u00f3lo presente: uno atropellando al poder y otro aprovech\u00e1ndose de la fatiga\u00bb, lanz\u00f3.<\/p>\n\n\n\n<p>&nbsp;&nbsp; Por su parte, el senador nacional Luis Naidenoff afirm\u00f3 que \u00abhay una asignatura pendiente en la pol\u00edtica argentina que es la cultura de los valores, de la ejemplaridad en el ejercicio de la funci\u00f3n p\u00fablica, de la tolerancia democr\u00e1tica, un proyecto que incluya a todos los argentinos\u00bb y remarc\u00f3 que \u00ab\u00e9se es el desaf\u00edo de la UCR\u00bb.<\/p>\n\n\n\n<p>&nbsp;&nbsp; \u00abEste partido se hizo grande porque el proyecto colectivo siempre fue m\u00e1s fuerte que el proyecto individual. Las vanidades, los egos personales s\u00f3lo priorizan intereses mezquinos, cuando hay hambre en la Argentina\u00bb, a\u00f1adi\u00f3.<\/p>\n\n\n\n<p>&nbsp;&nbsp; En tanto, el senador nacional Alfredo Cornejo subray\u00f3 que \u00abno hay que mirar el ombligo partido, sino mirar para adelante, como hizo Ra\u00fal Alfons\u00edn\u00bb. \u00abDebemos ser desde el radicalismo, pero en la unidad de Juntos por el Cambio, los que propongan un programa econ\u00f3mico que nos saque del populismo, la pobreza, la degradaci\u00f3n\u00bb, plante\u00f3.<\/p>\n\n\n\n<p>&nbsp;&nbsp; \u00abNo podemos fallarle m\u00e1s al pueblo argentino. Necesitamos un rumbo claro, con pol\u00edticas p\u00fablicas, serias, que realmente representen lo que necesita y siente la gente\u00bb, expres\u00f3 la presidenta de la Juventud Radical, Valeria Pav\u00f3n.<\/p>\n\n\n\n<p>&nbsp;&nbsp; A su turno, el titular de la Convenci\u00f3n Nacional de la UCR, Gast\u00f3n Manes, tambi\u00e9n breg\u00f3 por la unidad de Juntos por el Cambio: \u00abTrabajemos juntos para escribir ese futuro y poder demostrar que con la democracia se come, se cura y se educa\u00bb.<\/p>\n\n\n\n<p>&nbsp;&nbsp; La presidenta del Foto de Intendentes Radicales y jefa comunal de La Rioja, In\u00e9s Brizuela y Doria, asegur\u00f3 que \u00abla UCR tiene el deber de ser la columna vertebral de un Gobierno de coalici\u00f3n con coincidencias program\u00e1ticas y&nbsp;conducir un proceso que asuma el desaf\u00edo de quebrar la confrontaci\u00f3n extrema y el populismo, que tanto da\u00f1o le ha generado al pueblo argentino\u00bb.<\/p>\n\n\n\n<p>&nbsp;&nbsp; \u00abTenemos que trabajar por la unidad de nuestra coalici\u00f3n, pero no significa que el radicalismo no va discutir, debatir, cuestionar, forjar su liderazgo\u00bb, indic\u00f3 el titular del Comit\u00e9&nbsp;radical bonaerense, Maximiliano Abad.<\/p>\n\n\n\n<p>&nbsp;&nbsp; El cierre qued\u00f3 en manos de los dos principales referentes radicales: el gobernador de Jujuy, Gerardo Morales, y el senador nacional Mart\u00edn Lousteau.<\/p>\n\n\n\n<p>&nbsp;&nbsp; \u00abHace falta coraje colectivo para enfrentar lo que hay que hacer en la Argentina y si hacemos eso, el pa\u00eds se va a acomodar.<br>&nbsp;&nbsp;Pero ninguna sociedad del mundo crece y se desarrolla si su Estado no funciona bien\u00bb, se\u00f1al\u00f3 el ex ministro de Econom\u00eda.<\/p>\n\n\n\n<p>&nbsp;&nbsp; Tras los cuestionamientos de la presidenta del PRO, Patricia Bullrich, el legislador nacional ratific\u00f3 sus aspiraciones a gobernar la Ciudad: \u00abYo soy candidato a jefe de Gobierno de una coalici\u00f3n, porque hay algunos que parecen no entender qu\u00e9 significa una coalici\u00f3n. Afianzar lo que se hizo bien, pero raiga tambi\u00e9n ideas nuevas y renovaci\u00f3n y por eso decimos que queremos f\u00f3rmulas cruzadas\u00bb.<\/p>\n\n\n\n<p>&nbsp;&nbsp; En esa carrera pol\u00edtica por el Ejecutivo porte\u00f1o recibi\u00f3 el respaldo del juje\u00f1o: \u00abTodos nos encolumnamos con Mart\u00edn para ganar la Ciudad\u00bb.<\/p>\n\n\n\n<p>&nbsp;&nbsp; A lo largo de su discurso, Morales destac\u00f3 que el radicalismo \u00abno es s\u00f3lo un partido parlamentario, tambi\u00e9n es gesti\u00f3n\u00bb.<\/p>\n\n\n\n<p>&nbsp;&nbsp; Al cerrar el acto, el referente radical subray\u00f3 el poder de movilizaci\u00f3n y la territorialidad del hist\u00f3rico sello: \u00abTenemos gesti\u00f3n. No nos van a correr, no nos van a ense\u00f1ar. Uno siempre tiene que aprender, pero que no nos corran con situaciones que podemos controlar y que realmente podemos hacer. Podemos gobernar el pa\u00eds\u00bb.<\/p>\n\n\n\n<p>&nbsp;&nbsp; Y agreg\u00f3: \u00abVamos a gobernar la Argentina y nos estamos preparando para eso. Tenemos todo para esa transformaci\u00f3n: tenemos l\u00edderes, tenemos liderazgos\u00bb.<\/p>\n\n\n\n<p>&nbsp;&nbsp; \u00abNo acepto la descalificaci\u00f3n de quienes nos dicen populistas y creen que somos unos atrasados porque nos abrazamos a los principios y los ideales de nuestro partido, a\u00fan vigentes. Hay ideas, hay liderazgo y hay capacidad de gesti\u00f3n\u00bb, remarc\u00f3.<\/p>\n\n\n\n<p>&nbsp;&nbsp; En una fuerte cr\u00edtica a Macri, el gobernador de Jujuy afirm\u00f3: \u00abLiderar es tomar decisiones y asumir las consecuencias, marcar un rumbo, tener la capacidad de escuchar, tener la humildad de saber que hacemos cosas bien y mal. Liderar no es creernos que somos el mejor equipo de los \u00faltimos 50 a\u00f1os y despu\u00e9s fracasar\u00bb.<\/p>\n\n\n\n<p>&nbsp;&nbsp; \u00abTenemos ideas, un proyecto, estamos trabajando en el marco de Juntos por el Cambio por el plan de gobierno que necesita la coalici\u00f3n, porque en 2015 no garantizamos un gobierno de coalici\u00f3n. El desaf\u00edo para el a\u00f1o que viene es que realmente concretemos un gobierno de coalici\u00f3n\u00bb, manifest\u00f3.<\/p>\n\n\n\n<p>&nbsp;&nbsp; Y concluy\u00f3: \u00abTenemos que transformar la bronca, la tristeza en esperanza y eso est\u00e1 con la acci\u00f3n pol\u00edtica, con ideas, con liderazgo, con capacidad de gesti\u00f3n\u00bb.<\/p>\n\n\n\n<p>&nbsp;&nbsp; Entre los invitados de otros espacios tambi\u00e9n estuvieron los diputados nacionales Margarita Stolbizer, Diego Santilli, Emilio Monz\u00f3 y Rogelio Frigerio.<\/p>\n\n\n\n<figure class=\"wp-block-table\"><table><tbody><tr><td><\/td><\/tr><\/tbody><\/table><\/figure>\n","protected":false},"excerpt":{"rendered":"<p>A 39 a\u00f1os del triunfo de Ra\u00fal Alfons\u00edn en las elecciones que marcaron el regreso de la democracia, la UCR mostr\u00f3 su poder de movilizaci\u00f3n en un acto en el predio de Costa Salguero, con el que tambi\u00e9n aprovech\u00f3 para marcarle la cancha al PRO en la interna de Juntos por el Cambio. &nbsp; &nbsp;Con [&hellip;]<\/p>\n","protected":false},"author":2,"featured_media":22009,"comment_status":"open","ping_status":"open","sticky":false,"template":"","format":"standard","meta":{"footnotes":""},"categories":[43],"tags":[48],"class_list":["post-22008","post","type-post","status-publish","format-standard","has-post-thumbnail","hentry","category-politica","tag-destacada"],"_links":{"self":[{"href":"https:\/\/clicdenoticias.com\/index.php\/wp-json\/wp\/v2\/posts\/22008","targetHints":{"allow":["GET"]}}],"collection":[{"href":"https:\/\/clicdenoticias.com\/index.php\/wp-json\/wp\/v2\/posts"}],"about":[{"href":"https:\/\/clicdenoticias.com\/index.php\/wp-json\/wp\/v2\/types\/post"}],"author":[{"embeddable":true,"href":"https:\/\/clicdenoticias.com\/index.php\/wp-json\/wp\/v2\/users\/2"}],"replies":[{"embeddable":true,"href":"https:\/\/clicdenoticias.com\/index.php\/wp-json\/wp\/v2\/comments?post=22008"}],"version-history":[{"count":1,"href":"https:\/\/clicdenoticias.com\/index.php\/wp-json\/wp\/v2\/posts\/22008\/revisions"}],"predecessor-version":[{"id":22010,"href":"https:\/\/clicdenoticias.com\/index.php\/wp-json\/wp\/v2\/posts\/22008\/revisions\/22010"}],"wp:featuredmedia":[{"embeddable":true,"href":"https:\/\/clicdenoticias.com\/index.php\/wp-json\/wp\/v2\/media\/22009"}],"wp:attachment":[{"href":"https:\/\/clicdenoticias.com\/index.php\/wp-json\/wp\/v2\/media?parent=22008"}],"wp:term":[{"taxonomy":"category","embeddable":true,"href":"https:\/\/clicdenoticias.com\/index.php\/wp-json\/wp\/v2\/categories?post=22008"},{"taxonomy":"post_tag","embeddable":true,"href":"https:\/\/clicdenoticias.com\/index.php\/wp-json\/wp\/v2\/tags?post=22008"}],"curies":[{"name":"wp","href":"https:\/\/api.w.org\/{rel}","templated":true}]}}