{"id":2322,"date":"2021-05-21T16:44:31","date_gmt":"2021-05-21T16:44:31","guid":{"rendered":"https:\/\/clickdenoticias.com.ar\/?p=2322"},"modified":"2021-05-21T16:44:32","modified_gmt":"2021-05-21T16:44:32","slug":"trabajadores-gastronomicos-rechazaron-las-restricciones-son-un-disparate-colosal","status":"publish","type":"post","link":"https:\/\/clicdenoticias.com\/index.php\/2021\/05\/21\/trabajadores-gastronomicos-rechazaron-las-restricciones-son-un-disparate-colosal\/","title":{"rendered":"TRABAJADORES GASTRON\u00d3MICOS RECHAZARON LAS RESTRICCIONES: \u00abSON UN DISPARATE COLOSAL\u00bb"},"content":{"rendered":"\n<p><strong>El secretario general de la Uni\u00f3n de Trabajadores del Turismo, Hoteleros y Gastron\u00f3micos de la Argentina, Dante Cama\u00f1o, rechaz\u00f3 enf\u00e1ticamente hoy las nuevas restricciones por la pandemia, a las que consider\u00f3 \u00abun disparate colosal\u00bb.<\/strong><\/p>\n\n\n\n<p>&nbsp; &nbsp;\u00abEs un disparate colosal, no podemos reaccionar por impotencia e indignaci\u00f3n. Estas medidas no van a ayudar, van a perjudicar la situaci\u00f3n\u00bb, estim\u00f3 el dirigente.<br>&nbsp;&nbsp; Cama\u00f1o reconoci\u00f3 que \u00abtenemos un problema sanitario grave que atender, que hay tener medidas prudentes. Pero pretenden meter a toda la gente en un termo \u00ab.<\/p>\n\n\n\n<p>&nbsp;&nbsp; \u00abEs que el Gobierno es un desastre y est\u00e1 haciendo macanas, pero tambi\u00e9n la oposici\u00f3n no tiene ninguna idea\u00bb, se\u00f1al\u00f3 el sindicalista, en declaraciones al programa \u00abAlguien tiene que decirlo\u00bb, que se emite por radio Rivadavia.<\/p>\n\n\n\n<p>&nbsp;&nbsp; Adem\u00e1s, alert\u00f3 que \u00abesta situaci\u00f3n est\u00e1 generando m\u00e1s miseria en el pa\u00eds\u00bb.<\/p>\n\n\n\n<p>&nbsp;&nbsp; Las nuevas restricciones por la pandemia comenzar\u00e1n a regir desde ma\u00f1ana y se extender\u00e1n hasta el 30 de mayo, seg\u00fan anunci\u00f3 el presidente Alberto Fern\u00e1ndez.<\/p>\n","protected":false},"excerpt":{"rendered":"<p>El secretario general de la Uni\u00f3n de Trabajadores del Turismo, Hoteleros y Gastron\u00f3micos de la Argentina, Dante Cama\u00f1o, rechaz\u00f3 enf\u00e1ticamente hoy las nuevas restricciones por la pandemia, a las que consider\u00f3 \u00abun disparate colosal\u00bb. &nbsp; &nbsp;\u00abEs un disparate colosal, no podemos reaccionar por impotencia e indignaci\u00f3n. Estas medidas no van a ayudar, van a perjudicar [&hellip;]<\/p>\n","protected":false},"author":2,"featured_media":2323,"comment_status":"open","ping_status":"open","sticky":false,"template":"","format":"standard","meta":{"footnotes":""},"categories":[46],"tags":[],"class_list":["post-2322","post","type-post","status-publish","format-standard","has-post-thumbnail","hentry","category-gremial"],"_links":{"self":[{"href":"https:\/\/clicdenoticias.com\/index.php\/wp-json\/wp\/v2\/posts\/2322","targetHints":{"allow":["GET"]}}],"collection":[{"href":"https:\/\/clicdenoticias.com\/index.php\/wp-json\/wp\/v2\/posts"}],"about":[{"href":"https:\/\/clicdenoticias.com\/index.php\/wp-json\/wp\/v2\/types\/post"}],"author":[{"embeddable":true,"href":"https:\/\/clicdenoticias.com\/index.php\/wp-json\/wp\/v2\/users\/2"}],"replies":[{"embeddable":true,"href":"https:\/\/clicdenoticias.com\/index.php\/wp-json\/wp\/v2\/comments?post=2322"}],"version-history":[{"count":1,"href":"https:\/\/clicdenoticias.com\/index.php\/wp-json\/wp\/v2\/posts\/2322\/revisions"}],"predecessor-version":[{"id":2324,"href":"https:\/\/clicdenoticias.com\/index.php\/wp-json\/wp\/v2\/posts\/2322\/revisions\/2324"}],"wp:featuredmedia":[{"embeddable":true,"href":"https:\/\/clicdenoticias.com\/index.php\/wp-json\/wp\/v2\/media\/2323"}],"wp:attachment":[{"href":"https:\/\/clicdenoticias.com\/index.php\/wp-json\/wp\/v2\/media?parent=2322"}],"wp:term":[{"taxonomy":"category","embeddable":true,"href":"https:\/\/clicdenoticias.com\/index.php\/wp-json\/wp\/v2\/categories?post=2322"},{"taxonomy":"post_tag","embeddable":true,"href":"https:\/\/clicdenoticias.com\/index.php\/wp-json\/wp\/v2\/tags?post=2322"}],"curies":[{"name":"wp","href":"https:\/\/api.w.org\/{rel}","templated":true}]}}