{"id":23576,"date":"2022-12-14T09:41:12","date_gmt":"2022-12-14T12:41:12","guid":{"rendered":"https:\/\/clicdenoticias.com\/?p=23576"},"modified":"2022-12-14T09:41:12","modified_gmt":"2022-12-14T12:41:12","slug":"la-marea-celeste-y-blanca-inundo-la-9-de-julio-tras-la-clasificacion-de-la-seleccion-a-la-final-del-mundial-de-qatar","status":"publish","type":"post","link":"https:\/\/clicdenoticias.com\/index.php\/2022\/12\/14\/la-marea-celeste-y-blanca-inundo-la-9-de-julio-tras-la-clasificacion-de-la-seleccion-a-la-final-del-mundial-de-qatar\/","title":{"rendered":"<a href=\"javascript:popupwindow3('vercable2.php?nrocable=875220%27)\">LA MAREA CELESTE Y BLANCA INUND\u00d3 LA 9 DE JULIO TRAS LA CLASIFICACI\u00d3N DE LA SELECCI\u00d3N A LA FINAL DEL MUNDIAL DE QATAR<\/a>"},"content":{"rendered":"\n<p><strong>El Obelisco qued\u00f3 corto para los festejos de la gente tras la clasificaci\u00f3n de la Selecci\u00f3n argentina a la final del Mundial de Qatar, por lo que gran parte de la Avenida 9 de Julio se vio desbordada por una inmensa marea celeste y blanca.<\/strong><\/p>\n\n\n\n<p>&nbsp; &nbsp;Al igual que en los anteriores partidos, la Plaza Seeber, en el barrio porte\u00f1o de Palermo fue uno de los epicentros para ver el encuentro por semifinales contra Croacia: un stand con todos los balones de los Mundiales y una recreaci\u00f3n del vestuario argentino fue el detalle destacado de esta jornada.<\/p>\n\n\n\n<p>&nbsp;&nbsp; Al tratarse de un d\u00eda de semana, las pantallas gigantes \u00absalvaron\u00bb a m\u00e1s de un oficinista que se retras\u00f3 para llegar a su casa. Antes del arranque del partido, en cuesti\u00f3n de minutos un d\u00eda h\u00e1bil se convirti\u00f3 en un feriado: persianas bajas, calles vac\u00edas.<\/p>\n\n\n\n<p>&nbsp;&nbsp; Una vez que la pelota empez\u00f3 a rodar en Doha, nadie m\u00e1s se movi\u00f3: el que no lleg\u00f3 a su lugar de destino, busc\u00f3 d\u00f3nde ver el partido en la calle.<\/p>\n\n\n\n<p>&nbsp;&nbsp; Uno de los que estuvo en Plaza Seeber fue el jefe de Gobierno porte\u00f1o, Horacio Rodr\u00edguez Larreta. \u00abVamoooosss Argentina!!! Tremendo orgullo este equipo y el aliento de todos los argentinos.<\/p>\n\n\n\n<p>&nbsp;&nbsp;Esta final es un sue\u00f1o hecho realidad. \u00a1Gracias gracias gracias! ARGENTINA, ARGENTINA, ARGENTINA!!!\u00bb, tuite\u00f3 el referente del PRO.<\/p>\n\n\n\n<p>&nbsp;&nbsp; Esta vez, no hubo que sufrir, como sucedi\u00f3 el pasado viernes en los cuartos de final contra Pa\u00edses Bajos: el tr\u00e1mite del encuentro se resolvi\u00f3 r\u00e1pido y no hubo sobresaltos, por lo que la final ya empez\u00f3 a sentirse cerca antes de que el \u00e1rbitro italiano Daniele Orsato pitara el cierre.<\/p>\n\n\n\n<p>&nbsp;&nbsp; Andr\u00e9s, de 53 a\u00f1os y oriundo de Bah\u00eda Blanca, pudo disfrutar el partido \u00abcon m\u00e1s tranquilidad, sin sufrir tanto\u00bb y de cara a la final del domingo, expres\u00f3: \u00abHay que ganarle al que venga, sea Marruecos o Francia\u00bb.<\/p>\n\n\n\n<p>&nbsp;&nbsp; Mateo, de 18 a\u00f1os, lleg\u00f3 desde el partido bonaerense de Pilar y, en di\u00e1logo con NA, se deshizo en halagos hacia el delantero Juli\u00e1n \u00c1lvarez: \u00abUna bestia\u00bb. Acerca del partido del domingo, se mostr\u00f3 confiado: \u00abMe tengo fe, que venga el que sea, vamos a ganar igual\u00bb.<\/p>\n\n\n\n<p>&nbsp;&nbsp; A pocos metros de \u00e9l, Sergio, ecuatoriano de 21 a\u00f1os, celebr\u00f3 como un argentino m\u00e1s: \u00abEs un Mundial sufrido, pero por suerte este partido fue m\u00e1s `tranqui\u00b4\u00bb. \u00abAhora el domingo le quiero callar la boca a Mbapp\u00e9\u00bb, lanz\u00f3.<\/p>\n\n\n\n<p>&nbsp;&nbsp; Juan, porte\u00f1o de 29 a\u00f1os, fue de los pocos que no tuvo tranquilidad: \u00abA pesar del 3-0, tuve nervios\u00bb. \u00abPara el domingo me da lo mismo. Hay que alentar igual\u00bb, remarc\u00f3.<\/p>\n\n\n\n<p>&nbsp;&nbsp; En caravana, cientos de vecinos de la Ciudad y de otros puntos se dirigieron hacia el Obelisco, punto neur\u00e1lgico de movilizaciones populares.<\/p>\n\n\n\n<p>&nbsp;&nbsp; All\u00ed, fue lo mismo de siempre, pero potenciado. Una enorme cantidad de gente se congreg\u00f3 r\u00e1pidamente en la Plaza de la Rep\u00fablica, con camisetas celestes y blancas. Tal fue la movilizaci\u00f3n espont\u00e1nea que la marea desbord\u00f3 el lugar y ocup\u00f3 una gran parte de la Avenida 9 de Julio y sus calles aleda\u00f1as.<\/p>\n\n\n\n<p>&nbsp;&nbsp; Pero los festejos no s\u00f3lo estuvieron ah\u00ed: en el \u00abcentro\u00bb de cada barrio porte\u00f1o hubo \u00abpiquetes de la alegr\u00eda\u00bb, con vecinos saltando y cantando por la clasificaci\u00f3n a la final del Mundial de Qatar 2022.<\/p>\n\n\n\n<p>&nbsp;&nbsp; Ese mismo cuadro se repiti\u00f3 en cada rinc\u00f3n del pa\u00eds, ya se trate de ciudades grandes o peque\u00f1os pueblos. La Scaloneta tiene un motor de 45 millones de argentinos para arremeter en Qatar y llevarse el preciado trofeo.<\/p>\n","protected":false},"excerpt":{"rendered":"<p>El Obelisco qued\u00f3 corto para los festejos de la gente tras la clasificaci\u00f3n de la Selecci\u00f3n argentina a la final del Mundial de Qatar, por lo que gran parte de la Avenida 9 de Julio se vio desbordada por una inmensa marea celeste y blanca. &nbsp; &nbsp;Al igual que en los anteriores partidos, la Plaza [&hellip;]<\/p>\n","protected":false},"author":2,"featured_media":23577,"comment_status":"open","ping_status":"open","sticky":false,"template":"","format":"standard","meta":{"footnotes":""},"categories":[43],"tags":[48],"class_list":["post-23576","post","type-post","status-publish","format-standard","has-post-thumbnail","hentry","category-politica","tag-destacada"],"_links":{"self":[{"href":"https:\/\/clicdenoticias.com\/index.php\/wp-json\/wp\/v2\/posts\/23576","targetHints":{"allow":["GET"]}}],"collection":[{"href":"https:\/\/clicdenoticias.com\/index.php\/wp-json\/wp\/v2\/posts"}],"about":[{"href":"https:\/\/clicdenoticias.com\/index.php\/wp-json\/wp\/v2\/types\/post"}],"author":[{"embeddable":true,"href":"https:\/\/clicdenoticias.com\/index.php\/wp-json\/wp\/v2\/users\/2"}],"replies":[{"embeddable":true,"href":"https:\/\/clicdenoticias.com\/index.php\/wp-json\/wp\/v2\/comments?post=23576"}],"version-history":[{"count":1,"href":"https:\/\/clicdenoticias.com\/index.php\/wp-json\/wp\/v2\/posts\/23576\/revisions"}],"predecessor-version":[{"id":23578,"href":"https:\/\/clicdenoticias.com\/index.php\/wp-json\/wp\/v2\/posts\/23576\/revisions\/23578"}],"wp:featuredmedia":[{"embeddable":true,"href":"https:\/\/clicdenoticias.com\/index.php\/wp-json\/wp\/v2\/media\/23577"}],"wp:attachment":[{"href":"https:\/\/clicdenoticias.com\/index.php\/wp-json\/wp\/v2\/media?parent=23576"}],"wp:term":[{"taxonomy":"category","embeddable":true,"href":"https:\/\/clicdenoticias.com\/index.php\/wp-json\/wp\/v2\/categories?post=23576"},{"taxonomy":"post_tag","embeddable":true,"href":"https:\/\/clicdenoticias.com\/index.php\/wp-json\/wp\/v2\/tags?post=23576"}],"curies":[{"name":"wp","href":"https:\/\/api.w.org\/{rel}","templated":true}]}}