{"id":24495,"date":"2023-01-10T09:56:01","date_gmt":"2023-01-10T12:56:01","guid":{"rendered":"https:\/\/clicdenoticias.com\/?p=24495"},"modified":"2023-01-10T09:56:03","modified_gmt":"2023-01-10T12:56:03","slug":"desde-la-provincia-de-buenos-aires-aseguran-que-no-habra-paro-de-colectivos-y-amenazan-con-sanciones","status":"publish","type":"post","link":"https:\/\/clicdenoticias.com\/index.php\/2023\/01\/10\/desde-la-provincia-de-buenos-aires-aseguran-que-no-habra-paro-de-colectivos-y-amenazan-con-sanciones\/","title":{"rendered":"<a href=\"javascript:popupwindow3('vercable2.php?nrocable=877097%27)\">DESDE LA PROVINCIA DE BUENOS AIRES ASEGURAN QUE NO HABR\u00c1 PARO DE COLECTIVOS Y AMENAZAN CON SANCIONES<\/a>"},"content":{"rendered":"\n<p><strong>El ministro de Transporte de la provincia de Buenos Aires, Jorge D\u00b4Onofrio, afirm\u00f3 hoy que \u00abno habr\u00e1 retenci\u00f3n de tareas\u00bb en los servicios de colectivos y amenaz\u00f3 con sanciones para las empresas que limiten la circulaci\u00f3n de sus unidades.<\/strong><\/p>\n\n\n\n<p>&nbsp; &nbsp;\u00abHoy se van a hacer las transferencias y las c\u00e1maras me garantizaron que no iba a haber retenci\u00f3n de tareas\u00bb, sostuvo el funcionario en declaraciones radiales.<\/p>\n\n\n\n<p>&nbsp;&nbsp; Desde las C\u00e1maras de empresarios del transporte se\u00f1alaron a este medio que \u00abhasta que no est\u00e9 depositada la plata se seguir\u00e1 en la modalidad de ahorro\u00bb.<\/p>\n\n\n\n<p>&nbsp;&nbsp; Al iniciarse 2023 se recicl\u00f3 la disputa entre las empresas que reclaman los pagos en tiempo y forma de los subsidios que deben entregar el Gobierno nacional y la provincia de Buenos Aires.<\/p>\n\n\n\n<p>&nbsp;&nbsp; \u00abMe llama la atenci\u00f3n, porque a principios de a\u00f1o siempre hay un retraso. Me resulta rar\u00edsimo que cuando estamos reclamando que nos den el mismo tratamiento de la Ciudad, suceda esto de la manera que se hizo\u00bb, recalc\u00f3 D\u00b4Onofrio.<\/p>\n\n\n\n<p>&nbsp;&nbsp; El ministro afirm\u00f3: \u00abEn la Ciudad vemos unidades vac\u00edas y en provincia tenemos demanda insatisfecha\u00bb, tras lo cual despleg\u00f3 un manto de sospecha sobre el objetivo del paro anunciado: \u00abNo creo que sea una cuesti\u00f3n de liquidez de las c\u00e1maras. El retraso es de 4 d\u00edas h\u00e1biles\u00bb.<\/p>\n\n\n\n<p>&nbsp;&nbsp; \u00abNos atrasamos 4 d\u00edas y hay un lock out patronal, la Ciudad se atrasa un mes y no pasa nada\u00bb, insisti\u00f3.<\/p>\n\n\n\n<p>&nbsp;&nbsp; \u00abLas empresas son muy r\u00e1pidas para comunicar la medida de fuerza, pero no que no se hace. La pr\u00f3xima vez voy a publicar los WhatsApp\u00bb, enfatiz\u00f3 D\u00b4Onofrio, quien al mismo tiempo alert\u00f3 que \u00absi una unidad no sale a la calle, ser\u00e1 sancionada\u00bb .<\/p>\n","protected":false},"excerpt":{"rendered":"<p>El ministro de Transporte de la provincia de Buenos Aires, Jorge D\u00b4Onofrio, afirm\u00f3 hoy que \u00abno habr\u00e1 retenci\u00f3n de tareas\u00bb en los servicios de colectivos y amenaz\u00f3 con sanciones para las empresas que limiten la circulaci\u00f3n de sus unidades. &nbsp; &nbsp;\u00abHoy se van a hacer las transferencias y las c\u00e1maras me garantizaron que no iba [&hellip;]<\/p>\n","protected":false},"author":2,"featured_media":24496,"comment_status":"open","ping_status":"open","sticky":false,"template":"","format":"standard","meta":{"footnotes":""},"categories":[44],"tags":[],"class_list":["post-24495","post","type-post","status-publish","format-standard","has-post-thumbnail","hentry","category-economia"],"_links":{"self":[{"href":"https:\/\/clicdenoticias.com\/index.php\/wp-json\/wp\/v2\/posts\/24495","targetHints":{"allow":["GET"]}}],"collection":[{"href":"https:\/\/clicdenoticias.com\/index.php\/wp-json\/wp\/v2\/posts"}],"about":[{"href":"https:\/\/clicdenoticias.com\/index.php\/wp-json\/wp\/v2\/types\/post"}],"author":[{"embeddable":true,"href":"https:\/\/clicdenoticias.com\/index.php\/wp-json\/wp\/v2\/users\/2"}],"replies":[{"embeddable":true,"href":"https:\/\/clicdenoticias.com\/index.php\/wp-json\/wp\/v2\/comments?post=24495"}],"version-history":[{"count":1,"href":"https:\/\/clicdenoticias.com\/index.php\/wp-json\/wp\/v2\/posts\/24495\/revisions"}],"predecessor-version":[{"id":24497,"href":"https:\/\/clicdenoticias.com\/index.php\/wp-json\/wp\/v2\/posts\/24495\/revisions\/24497"}],"wp:featuredmedia":[{"embeddable":true,"href":"https:\/\/clicdenoticias.com\/index.php\/wp-json\/wp\/v2\/media\/24496"}],"wp:attachment":[{"href":"https:\/\/clicdenoticias.com\/index.php\/wp-json\/wp\/v2\/media?parent=24495"}],"wp:term":[{"taxonomy":"category","embeddable":true,"href":"https:\/\/clicdenoticias.com\/index.php\/wp-json\/wp\/v2\/categories?post=24495"},{"taxonomy":"post_tag","embeddable":true,"href":"https:\/\/clicdenoticias.com\/index.php\/wp-json\/wp\/v2\/tags?post=24495"}],"curies":[{"name":"wp","href":"https:\/\/api.w.org\/{rel}","templated":true}]}}