{"id":24498,"date":"2023-01-10T10:03:57","date_gmt":"2023-01-10T13:03:57","guid":{"rendered":"https:\/\/clicdenoticias.com\/?p=24498"},"modified":"2023-01-10T10:03:59","modified_gmt":"2023-01-10T13:03:59","slug":"buenos-aires-es-uno-de-los-destinos-mas-elegidos-por-los-turistas","status":"publish","type":"post","link":"https:\/\/clicdenoticias.com\/index.php\/2023\/01\/10\/buenos-aires-es-uno-de-los-destinos-mas-elegidos-por-los-turistas\/","title":{"rendered":"BUENOS AIRES ES UNO DE LOS DESTINOS M\u00c1S ELEGIDOS POR LOS TURISTAS"},"content":{"rendered":"\n<p>La provincia de Buenos Aires se configura como uno de los destinos m\u00e1s elegidos por los turistas este verano 2023 ya que la mayor\u00eda de los destinos bonaerenses registran reservas para lo que resta de la temporada entre un 80 y 90 por ciento, seg\u00fan estimaciones difundidas este lunes por la Federaci\u00f3n Econ\u00f3mica de la Provincia de Buenos Aires (FEBA).&nbsp;<\/p>\n\n\n\n<p>\u201cDurante 2022 los destinos bonaerenses fueron muy elegidos para vacacionar, hacer escapadas de fin de semana largo o cortes en el a\u00f1o laboral. Seg\u00fan datos de diferentes organismos, los bonaerenses tuvimos el mejor diciembre de los \u00faltimos cinco a\u00f1os en materia de reservas\u201d, dijo este lunes Daniel Loyola, presidente del sector Turismo de la FEBA.&nbsp;<\/p>\n\n\n\n<p>Loyola agreg\u00f3 que hay confianza en que \u00abla tendencia se mantendr\u00e1 durante esta temporada de verano\u00bb, ya que, \u00abla mayor\u00eda de los destinos bonaerenses ya registran reservas y ocupaci\u00f3n entre un 80 y 90 por ciento\u201d.<\/p>\n\n\n\n<p>La Subsecretar\u00eda de Turismo bonaerense tambi\u00e9n pronostic\u00f3 una temporada de verano 2023 con n\u00fameros positivos para el sector.&nbsp;<\/p>\n\n\n\n<p>Desde el \u00e1rea provincial informaron que diciembre de 2022 \u00abdej\u00f3 la vara muy alta, debido a que unos 4.400.000 turistas visitaron diferentes destinos de la provincia\u00bb.<\/p>\n\n\n\n<p>Fuente TELAM SE 2022<\/p>\n","protected":false},"excerpt":{"rendered":"<p>La provincia de Buenos Aires se configura como uno de los destinos m\u00e1s elegidos por los turistas este verano 2023 ya que la mayor\u00eda de los destinos bonaerenses registran reservas para lo que resta de la temporada entre un 80 y 90 por ciento, seg\u00fan estimaciones difundidas este lunes por la Federaci\u00f3n Econ\u00f3mica de la [&hellip;]<\/p>\n","protected":false},"author":2,"featured_media":24499,"comment_status":"open","ping_status":"open","sticky":false,"template":"","format":"standard","meta":{"footnotes":""},"categories":[54],"tags":[],"class_list":["post-24498","post","type-post","status-publish","format-standard","has-post-thumbnail","hentry","category-turismo"],"_links":{"self":[{"href":"https:\/\/clicdenoticias.com\/index.php\/wp-json\/wp\/v2\/posts\/24498","targetHints":{"allow":["GET"]}}],"collection":[{"href":"https:\/\/clicdenoticias.com\/index.php\/wp-json\/wp\/v2\/posts"}],"about":[{"href":"https:\/\/clicdenoticias.com\/index.php\/wp-json\/wp\/v2\/types\/post"}],"author":[{"embeddable":true,"href":"https:\/\/clicdenoticias.com\/index.php\/wp-json\/wp\/v2\/users\/2"}],"replies":[{"embeddable":true,"href":"https:\/\/clicdenoticias.com\/index.php\/wp-json\/wp\/v2\/comments?post=24498"}],"version-history":[{"count":1,"href":"https:\/\/clicdenoticias.com\/index.php\/wp-json\/wp\/v2\/posts\/24498\/revisions"}],"predecessor-version":[{"id":24500,"href":"https:\/\/clicdenoticias.com\/index.php\/wp-json\/wp\/v2\/posts\/24498\/revisions\/24500"}],"wp:featuredmedia":[{"embeddable":true,"href":"https:\/\/clicdenoticias.com\/index.php\/wp-json\/wp\/v2\/media\/24499"}],"wp:attachment":[{"href":"https:\/\/clicdenoticias.com\/index.php\/wp-json\/wp\/v2\/media?parent=24498"}],"wp:term":[{"taxonomy":"category","embeddable":true,"href":"https:\/\/clicdenoticias.com\/index.php\/wp-json\/wp\/v2\/categories?post=24498"},{"taxonomy":"post_tag","embeddable":true,"href":"https:\/\/clicdenoticias.com\/index.php\/wp-json\/wp\/v2\/tags?post=24498"}],"curies":[{"name":"wp","href":"https:\/\/api.w.org\/{rel}","templated":true}]}}