{"id":2512,"date":"2021-05-27T14:38:43","date_gmt":"2021-05-27T14:38:43","guid":{"rendered":"https:\/\/clickdenoticias.com.ar\/?p=2512"},"modified":"2021-05-27T14:38:44","modified_gmt":"2021-05-27T14:38:44","slug":"la-provincia-empezara-a-vacunar-la-semana-que-viene-a-personas-de-18-a-40-anos-con-comorbilidades","status":"publish","type":"post","link":"https:\/\/clicdenoticias.com\/index.php\/2021\/05\/27\/la-provincia-empezara-a-vacunar-la-semana-que-viene-a-personas-de-18-a-40-anos-con-comorbilidades\/","title":{"rendered":"LA PROVINCIA EMPEZAR\u00c1 A VACUNAR LA SEMANA QUE VIENE A PERSONAS DE 18 A 40 A\u00d1OS CON COMORBILIDADES"},"content":{"rendered":"\n<p><strong>El ministro de Salud bonaerense, Daniel Gollan, indic\u00f3 hoy que la semana que viene se empezar\u00e1 a vacunar a las personas de entre 18 y 40 a\u00f1os que poseen comorbilidades y estim\u00f3 que para finales de junio ya se habr\u00e1 inmunizado a todos los grupos de riesgo.<\/strong><\/p>\n\n\n\n<p>&nbsp; &nbsp;\u00abLa pr\u00f3xima semana vamos a estar terminando de vacunar a los mayores de 40 a\u00f1os con comorbilidades y vamos a empezar a vacunar a personas de 18 a 40 a\u00f1os con comorbilidades\u00bb, sostuvo el funcionario provincial.<\/p>\n\n\n\n<p>&nbsp;&nbsp; En declaraciones radiales, el titular de la cartera sanitaria bonaerense estim\u00f3 que en un mes se podr\u00e1 concluir con la etapa de inmunizaci\u00f3n de las personas que integran los grupos de riesgo.<\/p>\n\n\n\n<p>&nbsp;&nbsp; \u00abCon la cantidad de dosis que est\u00e1n entrando, la cantidad de turnos que vamos a dar en los pr\u00f3ximos d\u00edas es enorme. Y para fines de junio vamos a tener a 6 o 7 millones de bonaerenses vacunados con una sola dosis, que era nuestro objetivo\u00bb, indic\u00f3 el integrante del Gabinete del gobernador Axel Kicillof.<\/p>\n\n\n\n<p>&nbsp;&nbsp; Ante esa meta, Gollan indic\u00f3 que hubo \u00aben los \u00faltimos d\u00edas un rebote en la cantidad de inscriptos\u00bb, aunque pidi\u00f3 \u00abhacer mucha difusi\u00f3n en la necesidad de anotarse, especialmente las embarazadas, que est\u00e1n con problemas serios con las nuevas variantes y faltan much\u00edsimas\u00bb inscribir sus datos.<\/p>\n\n\n\n<p>&nbsp;&nbsp; Las personas que presentan antecedentes de enfermedad cardiovascular, diabetes, enfermedad pulmonar cr\u00f3nica, enfermedad renal cr\u00f3nica u obesidad con IMC mayor a 35, embarazadas y pacientes con VIH tambi\u00e9n integran el grupo de riesgo con prioridad para acceder a la vacuna contra el Covid- 19.<\/p>\n\n\n\n<p>&nbsp;&nbsp; Desde la llegada del virus Sars-Cov-2 al pa\u00eds, el 65 por ciento de los contagiados que fueron internados en terapia intensiva falleci\u00f3: seg\u00fan los datos oficiales, de los 27.238 pacientes que ocuparon una cama de UTI, 17.619 no lograron sobreponerse y murieron.<\/p>\n\n\n\n<p>&nbsp;&nbsp; El tr\u00e1gico porcentaje se eleva al 86 por ciento entre los mayores de 60 a\u00f1os que requirieron asistencia respiratoria mec\u00e1nica.<\/p>\n\n\n\n<p>&nbsp;&nbsp; Al ser consultado sobre el impacto del confinamiento estricto en la curva de contagios, el ministro de Salud bonaerense afirm\u00f3: \u00abEsto es un d\u00eda a d\u00eda. Esperemos que sea el inicio de un indicador en descenso, pero soy muy cauteloso y quiero ver qu\u00e9 pasa hoy y ma\u00f1ana. El efecto fuerte de la medida que rige actualmente lo tendr\u00edamos que empezar a ver m\u00e1s tarde, dentro de dos o tres d\u00edas\u00bb.<\/p>\n\n\n\n<p>&nbsp;&nbsp; Adem\u00e1s, Gollan se refiri\u00f3 a la ocupaci\u00f3n de camas en el sistema de salud y remarc\u00f3 que \u00abhay una cierta distensi\u00f3n relativa\u00bb.<\/p>\n\n\n\n<p>&nbsp;&nbsp; \u00abLos que egresan son en su enorme mayor\u00eda por fallecimiento.<br>&nbsp;&nbsp;Las personas que est\u00e1n internadas muchos d\u00edas, muchas semanas, se quedan dentro del servicio\u00bb, explic\u00f3.<\/p>\n","protected":false},"excerpt":{"rendered":"<p>El ministro de Salud bonaerense, Daniel Gollan, indic\u00f3 hoy que la semana que viene se empezar\u00e1 a vacunar a las personas de entre 18 y 40 a\u00f1os que poseen comorbilidades y estim\u00f3 que para finales de junio ya se habr\u00e1 inmunizado a todos los grupos de riesgo. &nbsp; &nbsp;\u00abLa pr\u00f3xima semana vamos a estar terminando [&hellip;]<\/p>\n","protected":false},"author":2,"featured_media":2513,"comment_status":"open","ping_status":"open","sticky":false,"template":"","format":"standard","meta":{"footnotes":""},"categories":[43],"tags":[],"class_list":["post-2512","post","type-post","status-publish","format-standard","has-post-thumbnail","hentry","category-politica"],"_links":{"self":[{"href":"https:\/\/clicdenoticias.com\/index.php\/wp-json\/wp\/v2\/posts\/2512","targetHints":{"allow":["GET"]}}],"collection":[{"href":"https:\/\/clicdenoticias.com\/index.php\/wp-json\/wp\/v2\/posts"}],"about":[{"href":"https:\/\/clicdenoticias.com\/index.php\/wp-json\/wp\/v2\/types\/post"}],"author":[{"embeddable":true,"href":"https:\/\/clicdenoticias.com\/index.php\/wp-json\/wp\/v2\/users\/2"}],"replies":[{"embeddable":true,"href":"https:\/\/clicdenoticias.com\/index.php\/wp-json\/wp\/v2\/comments?post=2512"}],"version-history":[{"count":1,"href":"https:\/\/clicdenoticias.com\/index.php\/wp-json\/wp\/v2\/posts\/2512\/revisions"}],"predecessor-version":[{"id":2514,"href":"https:\/\/clicdenoticias.com\/index.php\/wp-json\/wp\/v2\/posts\/2512\/revisions\/2514"}],"wp:featuredmedia":[{"embeddable":true,"href":"https:\/\/clicdenoticias.com\/index.php\/wp-json\/wp\/v2\/media\/2513"}],"wp:attachment":[{"href":"https:\/\/clicdenoticias.com\/index.php\/wp-json\/wp\/v2\/media?parent=2512"}],"wp:term":[{"taxonomy":"category","embeddable":true,"href":"https:\/\/clicdenoticias.com\/index.php\/wp-json\/wp\/v2\/categories?post=2512"},{"taxonomy":"post_tag","embeddable":true,"href":"https:\/\/clicdenoticias.com\/index.php\/wp-json\/wp\/v2\/tags?post=2512"}],"curies":[{"name":"wp","href":"https:\/\/api.w.org\/{rel}","templated":true}]}}