{"id":25125,"date":"2023-01-27T09:27:08","date_gmt":"2023-01-27T12:27:08","guid":{"rendered":"https:\/\/clicdenoticias.com\/?p=25125"},"modified":"2023-01-27T09:27:09","modified_gmt":"2023-01-27T12:27:09","slug":"mauricio-pochettino-apuntado-para-dirigir-una-de-las-mejores-selecciones-del-mundo","status":"publish","type":"post","link":"https:\/\/clicdenoticias.com\/index.php\/2023\/01\/27\/mauricio-pochettino-apuntado-para-dirigir-una-de-las-mejores-selecciones-del-mundo\/","title":{"rendered":"<a href=\"javascript:popupwindow3('vercable2.php?nrocable=878246%27)\">MAURICIO POCHETTINO, APUNTADO PARA DIRIGIR UNA DE LAS MEJORES SELECCIONES DEL MUNDO<\/a>"},"content":{"rendered":"\n<p><strong>El entrenador argentino Mauricio Pochettino es uno de los apuntados para ser en t\u00e9cnico de la selecci\u00f3n de B\u00e9lgica, una de las mejores&nbsp;del mundo, seg\u00fan el ranking de la FIFA, ya que se ubica en el cuarto escal\u00f3n.<\/strong><\/p>\n\n\n\n<p>&nbsp; &nbsp;El ex director t\u00e9cnico de Par\u00eds Saint Germain (PSG) es uno de los favoritos para cubrir el lugar que dej\u00f3 vacante el espa\u00f1ol Roberto Mart\u00ednez, tras una p\u00e9sima actuaci\u00f3n en el Mundial Qatar 2022.<\/p>\n\n\n\n<p>&nbsp;&nbsp; La federaci\u00f3n belga tiene a Pochettino como su candidato a dirigir a la selecci\u00f3n de cara a la Eurocopa de Alemania, de acuerdo a lo que inform\u00f3 el sitio web RMC Sports.&nbsp;.<\/p>\n\n\n\n<p>&nbsp;&nbsp; La \u00faltima vez que el rosarino dirigi\u00f3 fue al PSG de Lionel Messi. Antes, tuvo un excelente paso en el Tottenham de Inglaterra, luego de hacer sus primeras armas en el&nbsp;Espanyol de Espa\u00f1a y el Southampton ingl\u00e9s.<\/p>\n\n\n\n<p>&nbsp;&nbsp; El nombre de Pochettino suena bien en B\u00e9lgica, sobre todo para&nbsp;Jan Vertonghen y Toby Alderweireld, ambos futbolistas que estuvieron con \u00e9l en Tottenham.&nbsp;.<\/p>\n\n\n\n<p>&nbsp;&nbsp; Adem\u00e1s de Pochettino, tambi\u00e9n se encuentran en la n\u00f3mina para dirigir a Romelu Lukaku, Kevin De Bruyne y Thibaut Courtois, el alem\u00e1n Joachin Low, quien fue campe\u00f3n del mundo en Brasil 2014, y el portugu\u00e9s Andr\u00e9 Villas-Boas.<\/p>\n\n\n\n<p>&nbsp;&nbsp; Low no dirige desde que tuvo un mal desempe\u00f1o con Alemania en la Eurocopa de 2020, mientras que el portugu\u00e9s ya condujo a varios jugadores belgas como Lukaku, Axel Witsel y Nicolas Lombaerts.&nbsp;<\/p>\n","protected":false},"excerpt":{"rendered":"<p>El entrenador argentino Mauricio Pochettino es uno de los apuntados para ser en t\u00e9cnico de la selecci\u00f3n de B\u00e9lgica, una de las mejores&nbsp;del mundo, seg\u00fan el ranking de la FIFA, ya que se ubica en el cuarto escal\u00f3n. &nbsp; &nbsp;El ex director t\u00e9cnico de Par\u00eds Saint Germain (PSG) es uno de los favoritos para cubrir [&hellip;]<\/p>\n","protected":false},"author":2,"featured_media":25126,"comment_status":"open","ping_status":"open","sticky":false,"template":"","format":"standard","meta":{"footnotes":""},"categories":[50],"tags":[],"class_list":["post-25125","post","type-post","status-publish","format-standard","has-post-thumbnail","hentry","category-deportes"],"_links":{"self":[{"href":"https:\/\/clicdenoticias.com\/index.php\/wp-json\/wp\/v2\/posts\/25125","targetHints":{"allow":["GET"]}}],"collection":[{"href":"https:\/\/clicdenoticias.com\/index.php\/wp-json\/wp\/v2\/posts"}],"about":[{"href":"https:\/\/clicdenoticias.com\/index.php\/wp-json\/wp\/v2\/types\/post"}],"author":[{"embeddable":true,"href":"https:\/\/clicdenoticias.com\/index.php\/wp-json\/wp\/v2\/users\/2"}],"replies":[{"embeddable":true,"href":"https:\/\/clicdenoticias.com\/index.php\/wp-json\/wp\/v2\/comments?post=25125"}],"version-history":[{"count":1,"href":"https:\/\/clicdenoticias.com\/index.php\/wp-json\/wp\/v2\/posts\/25125\/revisions"}],"predecessor-version":[{"id":25127,"href":"https:\/\/clicdenoticias.com\/index.php\/wp-json\/wp\/v2\/posts\/25125\/revisions\/25127"}],"wp:featuredmedia":[{"embeddable":true,"href":"https:\/\/clicdenoticias.com\/index.php\/wp-json\/wp\/v2\/media\/25126"}],"wp:attachment":[{"href":"https:\/\/clicdenoticias.com\/index.php\/wp-json\/wp\/v2\/media?parent=25125"}],"wp:term":[{"taxonomy":"category","embeddable":true,"href":"https:\/\/clicdenoticias.com\/index.php\/wp-json\/wp\/v2\/categories?post=25125"},{"taxonomy":"post_tag","embeddable":true,"href":"https:\/\/clicdenoticias.com\/index.php\/wp-json\/wp\/v2\/tags?post=25125"}],"curies":[{"name":"wp","href":"https:\/\/api.w.org\/{rel}","templated":true}]}}